{"id":11382,"date":"2016-03-17T15:01:09","date_gmt":"2016-03-17T15:01:09","guid":{"rendered":""},"modified":"2016-03-17T15:01:09","modified_gmt":"2016-03-17T15:01:09","slug":"carolena-carstens-visita-oficinas-de-pandeportes","status":"publish","type":"post","link":"https:\/\/sertv.gob.pa\/nacionalfm\/carolena-carstens-visita-oficinas-de-pandeportes\/","title":{"rendered":"Carolena Carstens visita oficinas de PANDEPORTES"},"content":{"rendered":"<p>\nLa atleta paname\u00f1a Carolena Carstens visit\u00f3 la sede central del Instituto Paname\u00f1o de Deportes, luego de su brillante actuaci\u00f3n en el preol\u00edmpico de Taekwondo celebrado en M\u00e9xico recientemente. <\/p>\n<p>La atleta fue recibida por el Director General de PANDEPORTES \u00a0Roberto Arango, el subdirector Rolando Gonz\u00e1lez y el Secretario General Mario P\u00e9rez. Junto a ellos la atleta convers\u00f3 sobre sus entrenamientos, rivales y la batalla por conquistar la presa dorada con lo cual logra su clasificaci\u00f3n a las olimpiadas. <\/p>\n<p>Luego de la reuni\u00f3n la atleta intercambi\u00f3 diversas vivencias con funcionarios, t\u00e9cnicos y otros atletas en PANDEPORTES. <\/p>\n","protected":false},"excerpt":{"rendered":"<p>La atleta paname\u00f1a Carolena Carstens visit\u00f3 la sede central del <a href=\"https:\/\/sertv.gob.pa\/nacionalfm\/carolena-carstens-visita-oficinas-de-pandeportes\/\"> [&#8230;]<\/a><\/p>\n","protected":false},"author":1,"featured_media":11383,"comment_status":"closed","ping_status":"closed","sticky":false,"template":"","format":"standard","meta":{"footnotes":""},"categories":[4],"tags":[],"class_list":["post-11382","post","type-post","status-publish","format-standard","has-post-thumbnail","hentry","category-deportes"],"_links":{"self":[{"href":"https:\/\/sertv.gob.pa\/nacionalfm\/wp-json\/wp\/v2\/posts\/11382","targetHints":{"allow":["GET"]}}],"collection":[{"href":"https:\/\/sertv.gob.pa\/nacionalfm\/wp-json\/wp\/v2\/posts"}],"about":[{"href":"https:\/\/sertv.gob.pa\/nacionalfm\/wp-json\/wp\/v2\/types\/post"}],"author":[{"embeddable":true,"href":"https:\/\/sertv.gob.pa\/nacionalfm\/wp-json\/wp\/v2\/users\/1"}],"replies":[{"embeddable":true,"href":"https:\/\/sertv.gob.pa\/nacionalfm\/wp-json\/wp\/v2\/comments?post=11382"}],"version-history":[{"count":0,"href":"https:\/\/sertv.gob.pa\/nacionalfm\/wp-json\/wp\/v2\/posts\/11382\/revisions"}],"wp:featuredmedia":[{"embeddable":true,"href":"https:\/\/sertv.gob.pa\/nacionalfm\/wp-json\/wp\/v2\/media\/11383"}],"wp:attachment":[{"href":"https:\/\/sertv.gob.pa\/nacionalfm\/wp-json\/wp\/v2\/media?parent=11382"}],"wp:term":[{"taxonomy":"category","embeddable":true,"href":"https:\/\/sertv.gob.pa\/nacionalfm\/wp-json\/wp\/v2\/categories?post=11382"},{"taxonomy":"post_tag","embeddable":true,"href":"https:\/\/sertv.gob.pa\/nacionalfm\/wp-json\/wp\/v2\/tags?post=11382"}],"curies":[{"name":"wp","href":"https:\/\/api.w.org\/{rel}","templated":true}]}}