{"id":11386,"date":"2016-03-17T15:19:16","date_gmt":"2016-03-17T15:19:16","guid":{"rendered":""},"modified":"2016-03-17T15:19:16","modified_gmt":"2016-03-17T15:19:16","slug":"pandeportes-con-stand-en-la-feria-de-david","status":"publish","type":"post","link":"https:\/\/sertv.gob.pa\/nacionalfm\/pandeportes-con-stand-en-la-feria-de-david\/","title":{"rendered":"PANDEPORTES con stand en la Feria de David"},"content":{"rendered":"<p>\nEl Instituto Paname\u00f1o de Deportes tiene su stand en la versi\u00f3n n\u00famero 61 de la Feria Internacional de David, Chiriqu\u00ed, que se extiende hasta el 20 de marzo con actividades recreativas, como tenis de mesa, f\u00fatbol, baloncesto y b\u00e9isbol. <\/p>\n<p>En la inauguraci\u00f3n del stand cont\u00f3 con la grata visita del Excelent\u00edsimo\u00a0 Presidente de la Rep\u00fablica, Juan Carlos Varela, quien fue recibo por el director general, Roberto Arango y el secretario general de PANDEPORTES, Mario P\u00e9rez. <\/p>\n<p>Igualmente en el primer d\u00eda se dio la presentaci\u00f3n de pesistas del gimnasio Level Ten y Tignani, entrenado por el atleta chiricano, M\u00e1ximo V\u00edquez, exponiendo sobre las t\u00e9cnicas de la halterofilia. <\/p>\n<p>PANDEPORTES \u00a0invita a los chiricanos y visitantes a visitar el stand de la entidad, donde se brindaran diferentes presentaciones deportivas. <\/p>\n<p>\u00a0 <\/p>\n","protected":false},"excerpt":{"rendered":"<p>El Instituto Paname\u00f1o de Deportes tiene su stand en la <a href=\"https:\/\/sertv.gob.pa\/nacionalfm\/pandeportes-con-stand-en-la-feria-de-david\/\"> [&#8230;]<\/a><\/p>\n","protected":false},"author":1,"featured_media":11387,"comment_status":"closed","ping_status":"closed","sticky":false,"template":"","format":"standard","meta":{"footnotes":""},"categories":[4],"tags":[],"class_list":["post-11386","post","type-post","status-publish","format-standard","has-post-thumbnail","hentry","category-deportes"],"_links":{"self":[{"href":"https:\/\/sertv.gob.pa\/nacionalfm\/wp-json\/wp\/v2\/posts\/11386","targetHints":{"allow":["GET"]}}],"collection":[{"href":"https:\/\/sertv.gob.pa\/nacionalfm\/wp-json\/wp\/v2\/posts"}],"about":[{"href":"https:\/\/sertv.gob.pa\/nacionalfm\/wp-json\/wp\/v2\/types\/post"}],"author":[{"embeddable":true,"href":"https:\/\/sertv.gob.pa\/nacionalfm\/wp-json\/wp\/v2\/users\/1"}],"replies":[{"embeddable":true,"href":"https:\/\/sertv.gob.pa\/nacionalfm\/wp-json\/wp\/v2\/comments?post=11386"}],"version-history":[{"count":0,"href":"https:\/\/sertv.gob.pa\/nacionalfm\/wp-json\/wp\/v2\/posts\/11386\/revisions"}],"wp:featuredmedia":[{"embeddable":true,"href":"https:\/\/sertv.gob.pa\/nacionalfm\/wp-json\/wp\/v2\/media\/11387"}],"wp:attachment":[{"href":"https:\/\/sertv.gob.pa\/nacionalfm\/wp-json\/wp\/v2\/media?parent=11386"}],"wp:term":[{"taxonomy":"category","embeddable":true,"href":"https:\/\/sertv.gob.pa\/nacionalfm\/wp-json\/wp\/v2\/categories?post=11386"},{"taxonomy":"post_tag","embeddable":true,"href":"https:\/\/sertv.gob.pa\/nacionalfm\/wp-json\/wp\/v2\/tags?post=11386"}],"curies":[{"name":"wp","href":"https:\/\/api.w.org\/{rel}","templated":true}]}}