{"id":1139,"date":"2014-08-20T05:00:00","date_gmt":"2014-08-20T05:00:00","guid":{"rendered":""},"modified":"2014-08-20T05:00:00","modified_gmt":"2014-08-20T05:00:00","slug":"en-arraijan-se-han-incrementado-los-casos-de-diarrea","status":"publish","type":"post","link":"https:\/\/sertv.gob.pa\/nacionalfm\/en-arraijan-se-han-incrementado-los-casos-de-diarrea\/","title":{"rendered":"En Arraij\u00e1n se han incrementado los casos de diarrea"},"content":{"rendered":"<p>\nUnos 516 casos de pacientes con cuadros diarreicos se han atendido en las instancias de salud de Arraij\u00e1n en las \u00faltimas cuatro semanas, lo que mantiene preocupada a la poblaci\u00f3n, ya que las cifras han aumentado significativamente con relaci\u00f3n al a\u00f1o pasado. <\/p>\n<p>Charleny C\u00e1ceres, epidemi\u00f3loga de la Policl\u00ednica Blas G\u00f3mez Chetro, de Arraij\u00e1n, inform\u00f3 que de los 516 casos, 146 se han presentado en infantes de cinco meses de edad. <\/p>\n<p>Al desglosarse la atenci\u00f3n semanal de pacientes, las estad\u00edsticas de la policl\u00ednica se\u00f1alan cifras pr\u00e1cticamente sostenidas, ya que para fines de julio, en la semana N.\u00b0 29, se registraron 160 casos; la semana siguiente, el n\u00famero se redujo a 117, en tanto que siete d\u00edas despu\u00e9s la cifra se increment\u00f3 a 136, y en las dos \u00faltimas semanas se dieron 132 y 131 casos, respectivamente.\u00a0 <\/p>\n<p>En lo que respecta a los ni\u00f1os con males diarreicos, se destac\u00f3 que la incidencia por semana ha fluctuado entre los 44 y los 31 casos semanales. <\/p>\n<p>Los epidemi\u00f3logos de la policl\u00ednica indicaron que las cifras mencionadas no son alarmantes, pero se requiere de cuidado, especialmente cuando se da en ni\u00f1os y adultos mayores. <\/p>\n<p>Este a\u00f1o se han presentado en Panam\u00e1 Oeste m\u00e1s de 19,000 casos de diarrea, lo que se atribuye, entre otras razones, al consumo de alimentos y frutas que no han sido debidamente tratados, las deficiencias en el servicio de agua potable y malos h\u00e1bitos en lo que respecta al tratamiento de alimentos de todo tipo. @nacionalFm <\/p>\n","protected":false},"excerpt":{"rendered":"<p>Unos 516 casos de pacientes con cuadros diarreicos se han <a href=\"https:\/\/sertv.gob.pa\/nacionalfm\/en-arraijan-se-han-incrementado-los-casos-de-diarrea\/\"> [&#8230;]<\/a><\/p>\n","protected":false},"author":1,"featured_media":1140,"comment_status":"closed","ping_status":"closed","sticky":false,"template":"","format":"standard","meta":{"footnotes":""},"categories":[5],"tags":[],"class_list":["post-1139","post","type-post","status-publish","format-standard","has-post-thumbnail","hentry","category-salud"],"_links":{"self":[{"href":"https:\/\/sertv.gob.pa\/nacionalfm\/wp-json\/wp\/v2\/posts\/1139","targetHints":{"allow":["GET"]}}],"collection":[{"href":"https:\/\/sertv.gob.pa\/nacionalfm\/wp-json\/wp\/v2\/posts"}],"about":[{"href":"https:\/\/sertv.gob.pa\/nacionalfm\/wp-json\/wp\/v2\/types\/post"}],"author":[{"embeddable":true,"href":"https:\/\/sertv.gob.pa\/nacionalfm\/wp-json\/wp\/v2\/users\/1"}],"replies":[{"embeddable":true,"href":"https:\/\/sertv.gob.pa\/nacionalfm\/wp-json\/wp\/v2\/comments?post=1139"}],"version-history":[{"count":0,"href":"https:\/\/sertv.gob.pa\/nacionalfm\/wp-json\/wp\/v2\/posts\/1139\/revisions"}],"wp:featuredmedia":[{"embeddable":true,"href":"https:\/\/sertv.gob.pa\/nacionalfm\/wp-json\/wp\/v2\/media\/1140"}],"wp:attachment":[{"href":"https:\/\/sertv.gob.pa\/nacionalfm\/wp-json\/wp\/v2\/media?parent=1139"}],"wp:term":[{"taxonomy":"category","embeddable":true,"href":"https:\/\/sertv.gob.pa\/nacionalfm\/wp-json\/wp\/v2\/categories?post=1139"},{"taxonomy":"post_tag","embeddable":true,"href":"https:\/\/sertv.gob.pa\/nacionalfm\/wp-json\/wp\/v2\/tags?post=1139"}],"curies":[{"name":"wp","href":"https:\/\/api.w.org\/{rel}","templated":true}]}}