{"id":11390,"date":"2016-03-17T15:40:27","date_gmt":"2016-03-17T15:40:27","guid":{"rendered":""},"modified":"2016-03-17T15:40:27","modified_gmt":"2016-03-17T15:40:27","slug":"memoria-perdida-por-alzheimer-podra-recuperarse","status":"publish","type":"post","link":"https:\/\/sertv.gob.pa\/nacionalfm\/memoria-perdida-por-alzheimer-podra-recuperarse\/","title":{"rendered":"Memoria perdida por \u201cAlzheimer\u201d podr\u00e1 recuperarse"},"content":{"rendered":"<p>\nQuienes padecen Alzheimer tal vez no han \u00abperdido\u00bb su memoria y probablemente solo tienen dificultad para recuperarla, se\u00f1alan investigadores quienes revelaron la posibilidad de un tratamiento que alg\u00fan d\u00eda pueda curar los estragos ocasionados por la demencia. <\/p>\n<p>El premio Nobel  Susumu Tonegawa  afirm\u00f3 que estudios efectuados en ratones muestran que estimulando zonas espec\u00edficas del cerebro con luz azul, los cient\u00edficos pueden lograr que los animales recuerden experiencias a las que antes no pod\u00edan acceder. <\/p>\n<p>Los resultados ofrecen algunas de las primeras evidencias de que la enfermedad de Alzheimer no destruye memorias espec\u00edficas, sino que las vuelve inaccesibles. <\/p>\n<p>\u00abDebido a que humanos y ratones tienden a tener principios comunes en t\u00e9rminos de memoria, nuestros descubrimientos sugieren que los pacientes con Alzheimer, al menos en sus primeras etapas, pueden conservar la memoria en sus cerebros, lo que indica que tienen posibilidades de curaci\u00f3n\u00bb, manifest\u00f3 Tonegawa a la  AFP . <\/p>\n<p>\u00a0 <\/p>\n<p>\u00a0 <\/p>\n","protected":false},"excerpt":{"rendered":"<p>Quienes padecen Alzheimer tal vez no han \u00abperdido\u00bb su memoria <a href=\"https:\/\/sertv.gob.pa\/nacionalfm\/memoria-perdida-por-alzheimer-podra-recuperarse\/\"> [&#8230;]<\/a><\/p>\n","protected":false},"author":1,"featured_media":11391,"comment_status":"closed","ping_status":"closed","sticky":false,"template":"","format":"standard","meta":{"footnotes":""},"categories":[5],"tags":[],"class_list":["post-11390","post","type-post","status-publish","format-standard","has-post-thumbnail","hentry","category-salud"],"_links":{"self":[{"href":"https:\/\/sertv.gob.pa\/nacionalfm\/wp-json\/wp\/v2\/posts\/11390","targetHints":{"allow":["GET"]}}],"collection":[{"href":"https:\/\/sertv.gob.pa\/nacionalfm\/wp-json\/wp\/v2\/posts"}],"about":[{"href":"https:\/\/sertv.gob.pa\/nacionalfm\/wp-json\/wp\/v2\/types\/post"}],"author":[{"embeddable":true,"href":"https:\/\/sertv.gob.pa\/nacionalfm\/wp-json\/wp\/v2\/users\/1"}],"replies":[{"embeddable":true,"href":"https:\/\/sertv.gob.pa\/nacionalfm\/wp-json\/wp\/v2\/comments?post=11390"}],"version-history":[{"count":0,"href":"https:\/\/sertv.gob.pa\/nacionalfm\/wp-json\/wp\/v2\/posts\/11390\/revisions"}],"wp:featuredmedia":[{"embeddable":true,"href":"https:\/\/sertv.gob.pa\/nacionalfm\/wp-json\/wp\/v2\/media\/11391"}],"wp:attachment":[{"href":"https:\/\/sertv.gob.pa\/nacionalfm\/wp-json\/wp\/v2\/media?parent=11390"}],"wp:term":[{"taxonomy":"category","embeddable":true,"href":"https:\/\/sertv.gob.pa\/nacionalfm\/wp-json\/wp\/v2\/categories?post=11390"},{"taxonomy":"post_tag","embeddable":true,"href":"https:\/\/sertv.gob.pa\/nacionalfm\/wp-json\/wp\/v2\/tags?post=11390"}],"curies":[{"name":"wp","href":"https:\/\/api.w.org\/{rel}","templated":true}]}}