{"id":11394,"date":"2016-03-17T15:50:55","date_gmt":"2016-03-17T15:50:55","guid":{"rendered":""},"modified":"2016-03-17T15:50:55","modified_gmt":"2016-03-17T15:50:55","slug":"jaime-arboleda-numero-12-de-la-amb","status":"publish","type":"post","link":"https:\/\/sertv.gob.pa\/nacionalfm\/jaime-arboleda-numero-12-de-la-amb\/","title":{"rendered":"Jaime Arboleda n\u00famero 12 de la AMB"},"content":{"rendered":"<p>\nEl invicto p\u00fagil paname\u00f1o Jaime Arboleda aparece en la casilla n\u00famero 12 de los superplumas de la Asociaci\u00f3n Mundial de Boxeo, luego de su impresionante victoria ante el hasta entonces invicto p\u00fagil venezolano Sandro Hern\u00e1ndez, a quien venci\u00f3 por K.O. en el segundo asalto al recuperarse de una ca\u00edda al finalizar el primer asalto. <\/p>\n<p>Jaime Arboleda quien represent\u00f3 a Panam\u00e1 en varias ocasiones logrando en una oportunidad el campeonato centroamericano, se encuentra invicto en 7 presentaciones en las filas profesionales con 5 victorias por la v\u00eda r\u00e1pida. <\/p>\n","protected":false},"excerpt":{"rendered":"<p>El invicto p\u00fagil paname\u00f1o Jaime Arboleda aparece en la casilla <a href=\"https:\/\/sertv.gob.pa\/nacionalfm\/jaime-arboleda-numero-12-de-la-amb\/\"> [&#8230;]<\/a><\/p>\n","protected":false},"author":1,"featured_media":11395,"comment_status":"closed","ping_status":"closed","sticky":false,"template":"","format":"standard","meta":{"footnotes":""},"categories":[4],"tags":[],"class_list":["post-11394","post","type-post","status-publish","format-standard","has-post-thumbnail","hentry","category-deportes"],"_links":{"self":[{"href":"https:\/\/sertv.gob.pa\/nacionalfm\/wp-json\/wp\/v2\/posts\/11394","targetHints":{"allow":["GET"]}}],"collection":[{"href":"https:\/\/sertv.gob.pa\/nacionalfm\/wp-json\/wp\/v2\/posts"}],"about":[{"href":"https:\/\/sertv.gob.pa\/nacionalfm\/wp-json\/wp\/v2\/types\/post"}],"author":[{"embeddable":true,"href":"https:\/\/sertv.gob.pa\/nacionalfm\/wp-json\/wp\/v2\/users\/1"}],"replies":[{"embeddable":true,"href":"https:\/\/sertv.gob.pa\/nacionalfm\/wp-json\/wp\/v2\/comments?post=11394"}],"version-history":[{"count":0,"href":"https:\/\/sertv.gob.pa\/nacionalfm\/wp-json\/wp\/v2\/posts\/11394\/revisions"}],"wp:featuredmedia":[{"embeddable":true,"href":"https:\/\/sertv.gob.pa\/nacionalfm\/wp-json\/wp\/v2\/media\/11395"}],"wp:attachment":[{"href":"https:\/\/sertv.gob.pa\/nacionalfm\/wp-json\/wp\/v2\/media?parent=11394"}],"wp:term":[{"taxonomy":"category","embeddable":true,"href":"https:\/\/sertv.gob.pa\/nacionalfm\/wp-json\/wp\/v2\/categories?post=11394"},{"taxonomy":"post_tag","embeddable":true,"href":"https:\/\/sertv.gob.pa\/nacionalfm\/wp-json\/wp\/v2\/tags?post=11394"}],"curies":[{"name":"wp","href":"https:\/\/api.w.org\/{rel}","templated":true}]}}