{"id":11398,"date":"2016-03-17T16:19:13","date_gmt":"2016-03-17T16:19:13","guid":{"rendered":""},"modified":"2016-03-17T16:19:13","modified_gmt":"2016-03-17T16:19:13","slug":"pugil-canadiense-elimina-a-munoz-de-preolimpico","status":"publish","type":"post","link":"https:\/\/sertv.gob.pa\/nacionalfm\/pugil-canadiense-elimina-a-munoz-de-preolimpico\/","title":{"rendered":"P\u00fagil canadiense elimina a Mu\u00f1oz de preol\u00edmpico"},"content":{"rendered":"<p>\nEl p\u00fagil canadiense David Gouthier elimin\u00f3 al paname\u00f1o Jaime Mu\u00f1oz por decisi\u00f3n dividida de los jueces\u00a0 del preol\u00edmpico Brasil 2016 que se celebra en Argentina. <\/p>\n<p>Con la derrota de Jaime Mu\u00f1oz finaliza la participaci\u00f3n de Panam\u00e1 en este torneo sin la esperanza de un cupo para los Juegos Ol\u00edmpicos de R\u00edo de Janeiro 2016. <\/p>\n","protected":false},"excerpt":{"rendered":"<p>El p\u00fagil canadiense David Gouthier elimin\u00f3 al paname\u00f1o Jaime Mu\u00f1oz <a href=\"https:\/\/sertv.gob.pa\/nacionalfm\/pugil-canadiense-elimina-a-munoz-de-preolimpico\/\"> [&#8230;]<\/a><\/p>\n","protected":false},"author":1,"featured_media":11399,"comment_status":"closed","ping_status":"closed","sticky":false,"template":"","format":"standard","meta":{"footnotes":""},"categories":[4],"tags":[],"class_list":["post-11398","post","type-post","status-publish","format-standard","has-post-thumbnail","hentry","category-deportes"],"_links":{"self":[{"href":"https:\/\/sertv.gob.pa\/nacionalfm\/wp-json\/wp\/v2\/posts\/11398","targetHints":{"allow":["GET"]}}],"collection":[{"href":"https:\/\/sertv.gob.pa\/nacionalfm\/wp-json\/wp\/v2\/posts"}],"about":[{"href":"https:\/\/sertv.gob.pa\/nacionalfm\/wp-json\/wp\/v2\/types\/post"}],"author":[{"embeddable":true,"href":"https:\/\/sertv.gob.pa\/nacionalfm\/wp-json\/wp\/v2\/users\/1"}],"replies":[{"embeddable":true,"href":"https:\/\/sertv.gob.pa\/nacionalfm\/wp-json\/wp\/v2\/comments?post=11398"}],"version-history":[{"count":0,"href":"https:\/\/sertv.gob.pa\/nacionalfm\/wp-json\/wp\/v2\/posts\/11398\/revisions"}],"wp:featuredmedia":[{"embeddable":true,"href":"https:\/\/sertv.gob.pa\/nacionalfm\/wp-json\/wp\/v2\/media\/11399"}],"wp:attachment":[{"href":"https:\/\/sertv.gob.pa\/nacionalfm\/wp-json\/wp\/v2\/media?parent=11398"}],"wp:term":[{"taxonomy":"category","embeddable":true,"href":"https:\/\/sertv.gob.pa\/nacionalfm\/wp-json\/wp\/v2\/categories?post=11398"},{"taxonomy":"post_tag","embeddable":true,"href":"https:\/\/sertv.gob.pa\/nacionalfm\/wp-json\/wp\/v2\/tags?post=11398"}],"curies":[{"name":"wp","href":"https:\/\/api.w.org\/{rel}","templated":true}]}}