{"id":1141,"date":"2014-08-20T05:00:00","date_gmt":"2014-08-20T05:00:00","guid":{"rendered":""},"modified":"2014-08-20T05:00:00","modified_gmt":"2014-08-20T05:00:00","slug":"aumentaran-los-casos-de-dengue","status":"publish","type":"post","link":"https:\/\/sertv.gob.pa\/nacionalfm\/aumentaran-los-casos-de-dengue\/","title":{"rendered":"Aumentar\u00e1n los casos de dengue"},"content":{"rendered":"<p>\nUn incremento en los casos de dengue durante los pr\u00f3ximos meses previ\u00f3 el director del Instituto Conmemorativo Gorgas de Estudios de la Salud (Icges), N\u00e9stor Sosa. <\/p>\n<p>Sosa sustenta su pron\u00f3stico en el comportamiento de la enfermedad en 2013, a\u00f1o en que se registr\u00f3 un mayor n\u00famero de casos durante los \u00faltimos tres meses. Sostuvo que los siete decesos que provoc\u00f3 el dengue sucedieron entre octubre y diciembre del a\u00f1o pasado. <\/p>\n<p>No obstante, la directora de Epidemiolog\u00eda del Ministerio de Salud (Minsa), Lourdes Garc\u00eda, asegura que en el presente a\u00f1o se registra un comportamiento a la baja del virus. Por semana se confirman entre tres y cinco casos. <\/p>\n<p>Garc\u00eda atribuy\u00f3 la disminuci\u00f3n de los indicadores por la toma de conciencia de la poblaci\u00f3n que ha eliminado los criaderos del mosquito Aedes aegypti, transmisor del dengue. Igualmente anunci\u00f3 que el virus podr\u00eda estar en un proceso de mutaci\u00f3n. <\/p>\n<p>Sin embargo, las cifras de 2014 son altas si se comparan con el reporte consolidado del a\u00f1o 2013. <\/p>\n<p>En lo que va del a\u00f1o sucedieron ya 4 mil 88 casos de la enfermedad, mientras que durante 2013 se contabilizaron 4 mil 443, seg\u00fan datos confirmados por las autoridades del Minsa.\u00a0 @nacionalFm <\/p>\n<p>\u00a0 <\/p>\n","protected":false},"excerpt":{"rendered":"<p>Un incremento en los casos de dengue durante los pr\u00f3ximos <a href=\"https:\/\/sertv.gob.pa\/nacionalfm\/aumentaran-los-casos-de-dengue\/\"> [&#8230;]<\/a><\/p>\n","protected":false},"author":1,"featured_media":1142,"comment_status":"closed","ping_status":"closed","sticky":false,"template":"","format":"standard","meta":{"footnotes":""},"categories":[5],"tags":[],"class_list":["post-1141","post","type-post","status-publish","format-standard","has-post-thumbnail","hentry","category-salud"],"_links":{"self":[{"href":"https:\/\/sertv.gob.pa\/nacionalfm\/wp-json\/wp\/v2\/posts\/1141","targetHints":{"allow":["GET"]}}],"collection":[{"href":"https:\/\/sertv.gob.pa\/nacionalfm\/wp-json\/wp\/v2\/posts"}],"about":[{"href":"https:\/\/sertv.gob.pa\/nacionalfm\/wp-json\/wp\/v2\/types\/post"}],"author":[{"embeddable":true,"href":"https:\/\/sertv.gob.pa\/nacionalfm\/wp-json\/wp\/v2\/users\/1"}],"replies":[{"embeddable":true,"href":"https:\/\/sertv.gob.pa\/nacionalfm\/wp-json\/wp\/v2\/comments?post=1141"}],"version-history":[{"count":0,"href":"https:\/\/sertv.gob.pa\/nacionalfm\/wp-json\/wp\/v2\/posts\/1141\/revisions"}],"wp:featuredmedia":[{"embeddable":true,"href":"https:\/\/sertv.gob.pa\/nacionalfm\/wp-json\/wp\/v2\/media\/1142"}],"wp:attachment":[{"href":"https:\/\/sertv.gob.pa\/nacionalfm\/wp-json\/wp\/v2\/media?parent=1141"}],"wp:term":[{"taxonomy":"category","embeddable":true,"href":"https:\/\/sertv.gob.pa\/nacionalfm\/wp-json\/wp\/v2\/categories?post=1141"},{"taxonomy":"post_tag","embeddable":true,"href":"https:\/\/sertv.gob.pa\/nacionalfm\/wp-json\/wp\/v2\/tags?post=1141"}],"curies":[{"name":"wp","href":"https:\/\/api.w.org\/{rel}","templated":true}]}}