{"id":11464,"date":"2016-03-23T14:34:21","date_gmt":"2016-03-23T14:34:21","guid":{"rendered":""},"modified":"2016-03-23T14:34:21","modified_gmt":"2016-03-23T14:34:21","slug":"realizan-campeonato-nacional-de-motovelocidad-en-coronado","status":"publish","type":"post","link":"https:\/\/sertv.gob.pa\/nacionalfm\/realizan-campeonato-nacional-de-motovelocidad-en-coronado\/","title":{"rendered":"Realizan Campeonato Nacional de Motovelocidad en Coronado"},"content":{"rendered":"<p>\nEste s\u00e1bado 26 de marzo se inicia la II Temporada del Campeonato Nacional de Motovelocidad 2016 a desarrollarse en el Kart\u00f3dromo de Coronado, con la organizaci\u00f3n de la Asociaci\u00f3n Paname\u00f1a de Motovelocidad con el patrocinio del Instituto Paname\u00f1o de Deportes. <\/p>\n<p>En el evento competir\u00e1n 60 pilotos, en las categor\u00edas supermoto 250 cc, supermoto 450 cc, scoter, novatos y categor\u00eda abierta de baja cilindrada (menos de 200 cc). <\/p>\n<p>Las fechas de carrera para el campeonato 2016 son las siguientes: s\u00e1bado 26 de marzo, 31 de abril y 1 de mayo, 25 y 26 de junio, 27 y 28 de agosto, 1 y 2 de octubre y la \u00faltima carrera v\u00e1lida ser\u00e1n los d\u00edas 12 y 13 de noviembre, todas a correrse en Coronado. <\/p>\n","protected":false},"excerpt":{"rendered":"<p>Este s\u00e1bado 26 de marzo se inicia la II Temporada <a href=\"https:\/\/sertv.gob.pa\/nacionalfm\/realizan-campeonato-nacional-de-motovelocidad-en-coronado\/\"> [&#8230;]<\/a><\/p>\n","protected":false},"author":1,"featured_media":11465,"comment_status":"closed","ping_status":"closed","sticky":false,"template":"","format":"standard","meta":{"footnotes":""},"categories":[4],"tags":[],"class_list":["post-11464","post","type-post","status-publish","format-standard","has-post-thumbnail","hentry","category-deportes"],"_links":{"self":[{"href":"https:\/\/sertv.gob.pa\/nacionalfm\/wp-json\/wp\/v2\/posts\/11464","targetHints":{"allow":["GET"]}}],"collection":[{"href":"https:\/\/sertv.gob.pa\/nacionalfm\/wp-json\/wp\/v2\/posts"}],"about":[{"href":"https:\/\/sertv.gob.pa\/nacionalfm\/wp-json\/wp\/v2\/types\/post"}],"author":[{"embeddable":true,"href":"https:\/\/sertv.gob.pa\/nacionalfm\/wp-json\/wp\/v2\/users\/1"}],"replies":[{"embeddable":true,"href":"https:\/\/sertv.gob.pa\/nacionalfm\/wp-json\/wp\/v2\/comments?post=11464"}],"version-history":[{"count":0,"href":"https:\/\/sertv.gob.pa\/nacionalfm\/wp-json\/wp\/v2\/posts\/11464\/revisions"}],"wp:featuredmedia":[{"embeddable":true,"href":"https:\/\/sertv.gob.pa\/nacionalfm\/wp-json\/wp\/v2\/media\/11465"}],"wp:attachment":[{"href":"https:\/\/sertv.gob.pa\/nacionalfm\/wp-json\/wp\/v2\/media?parent=11464"}],"wp:term":[{"taxonomy":"category","embeddable":true,"href":"https:\/\/sertv.gob.pa\/nacionalfm\/wp-json\/wp\/v2\/categories?post=11464"},{"taxonomy":"post_tag","embeddable":true,"href":"https:\/\/sertv.gob.pa\/nacionalfm\/wp-json\/wp\/v2\/tags?post=11464"}],"curies":[{"name":"wp","href":"https:\/\/api.w.org\/{rel}","templated":true}]}}