{"id":11468,"date":"2016-03-23T14:47:14","date_gmt":"2016-03-23T14:47:14","guid":{"rendered":""},"modified":"2016-03-23T14:47:14","modified_gmt":"2016-03-23T14:47:14","slug":"realizan-trabajos-de-mantenimiento-en-el-maracana","status":"publish","type":"post","link":"https:\/\/sertv.gob.pa\/nacionalfm\/realizan-trabajos-de-mantenimiento-en-el-maracana\/","title":{"rendered":"Realizan trabajos de mantenimiento en el Maracan\u00e1"},"content":{"rendered":"<p>\nDesde el d\u00eda de ayer hasta hoy se realizan trabajos de mantenimiento en el estadio Maracan\u00e1 del Chorrillo, seg\u00fan anunci\u00f3 Jos\u00e9 P\u00e9rez, asistente de la subdirecci\u00f3n general del Instituto Paname\u00f1o de Deportes. <\/p>\n<p>Los trabajos, que son parte de un plan estrat\u00e9gico de mantenimiento de coliseos, incluyen una limpieza y cepillado profundo al campo de juego, descompactaci\u00f3n, verificaci\u00f3n de las l\u00edneas laterales y de metas, vaciado de corcho u caucho y cepillado final. <\/p>\n<p>P\u00e9rez agreg\u00f3 que la empresa Tecnolog\u00eda Sint\u00e9tica Deportiva ser\u00e1 la encargada de los trabajados antes mencionados. <\/p>\n<p>\u00a0 <\/p>\n","protected":false},"excerpt":{"rendered":"<p>Desde el d\u00eda de ayer hasta hoy se realizan trabajos <a href=\"https:\/\/sertv.gob.pa\/nacionalfm\/realizan-trabajos-de-mantenimiento-en-el-maracana\/\"> [&#8230;]<\/a><\/p>\n","protected":false},"author":1,"featured_media":11469,"comment_status":"closed","ping_status":"closed","sticky":false,"template":"","format":"standard","meta":{"footnotes":""},"categories":[4],"tags":[],"class_list":["post-11468","post","type-post","status-publish","format-standard","has-post-thumbnail","hentry","category-deportes"],"_links":{"self":[{"href":"https:\/\/sertv.gob.pa\/nacionalfm\/wp-json\/wp\/v2\/posts\/11468","targetHints":{"allow":["GET"]}}],"collection":[{"href":"https:\/\/sertv.gob.pa\/nacionalfm\/wp-json\/wp\/v2\/posts"}],"about":[{"href":"https:\/\/sertv.gob.pa\/nacionalfm\/wp-json\/wp\/v2\/types\/post"}],"author":[{"embeddable":true,"href":"https:\/\/sertv.gob.pa\/nacionalfm\/wp-json\/wp\/v2\/users\/1"}],"replies":[{"embeddable":true,"href":"https:\/\/sertv.gob.pa\/nacionalfm\/wp-json\/wp\/v2\/comments?post=11468"}],"version-history":[{"count":0,"href":"https:\/\/sertv.gob.pa\/nacionalfm\/wp-json\/wp\/v2\/posts\/11468\/revisions"}],"wp:featuredmedia":[{"embeddable":true,"href":"https:\/\/sertv.gob.pa\/nacionalfm\/wp-json\/wp\/v2\/media\/11469"}],"wp:attachment":[{"href":"https:\/\/sertv.gob.pa\/nacionalfm\/wp-json\/wp\/v2\/media?parent=11468"}],"wp:term":[{"taxonomy":"category","embeddable":true,"href":"https:\/\/sertv.gob.pa\/nacionalfm\/wp-json\/wp\/v2\/categories?post=11468"},{"taxonomy":"post_tag","embeddable":true,"href":"https:\/\/sertv.gob.pa\/nacionalfm\/wp-json\/wp\/v2\/tags?post=11468"}],"curies":[{"name":"wp","href":"https:\/\/api.w.org\/{rel}","templated":true}]}}