{"id":11470,"date":"2016-03-23T15:08:43","date_gmt":"2016-03-23T15:08:43","guid":{"rendered":""},"modified":"2016-03-23T15:08:43","modified_gmt":"2016-03-23T15:08:43","slug":"danos-que-puede-ocasionar-a-la-salud-la-contaminacion-del-aire","status":"publish","type":"post","link":"https:\/\/sertv.gob.pa\/nacionalfm\/danos-que-puede-ocasionar-a-la-salud-la-contaminacion-del-aire\/","title":{"rendered":"Da\u00f1os que puede ocasionar a la salud la contaminaci\u00f3n del aire"},"content":{"rendered":"<p>\nLa OMS alerta que la contaminaci\u00f3n del aire incrementa la morbilidad derivada de accidentes cerebrovasculares, c\u00e1nceres de pulm\u00f3n, neumopat\u00edas cr\u00f3nicas y agudas, entre ellas el asma. <\/p>\n<p>Cuanto m\u00e1s bajos sean los niveles de contaminaci\u00f3n del aire mejor ser\u00e1 la salud cardiovascular y respiratoria de la poblaci\u00f3n, tanto a largo como a corto plazo&rdquo;, puntualiza el organismo en su portal de Internet. <\/p>\n<p>Este problema ambiental, provoca cada a\u00f1o 3.7 millones de muertes prematuras en ciudades y zonas rurales de todo el mundo. <\/p>\n<p>Se estima que 80% de las defunciones prematuras relacionadas con la contaminaci\u00f3n del aire exterior se deben a cardiopat\u00eda isqu\u00e9mica y accidente cerebrovascular, mientras que 14% se deben a neumopat\u00eda obstructiva cr\u00f3nica o infecci\u00f3n aguda de las v\u00edas respiratorias inferiores, y \u00a06% a c\u00e1ncer de pulm\u00f3n&rdquo;, precisa la OMS. <\/p>\n<p>Las part\u00edculas de aire contaminado est\u00e1n relacionadas con el aumento del c\u00e1ncer de pulm\u00f3n, as\u00ed como con el c\u00e1ncer de v\u00edas urinarias y vejiga, seg\u00fan un estudio que efectu\u00f3 el Centro Internacional de Investigadores sobre el C\u00e1ncer de la OMS. <\/p>\n<p>\u00a0 <\/p>\n<p>\u00a0 <\/p>\n","protected":false},"excerpt":{"rendered":"<p>La OMS alerta que la contaminaci\u00f3n del aire incrementa la <a href=\"https:\/\/sertv.gob.pa\/nacionalfm\/danos-que-puede-ocasionar-a-la-salud-la-contaminacion-del-aire\/\"> [&#8230;]<\/a><\/p>\n","protected":false},"author":1,"featured_media":11471,"comment_status":"closed","ping_status":"closed","sticky":false,"template":"","format":"standard","meta":{"footnotes":""},"categories":[5],"tags":[],"class_list":["post-11470","post","type-post","status-publish","format-standard","has-post-thumbnail","hentry","category-salud"],"_links":{"self":[{"href":"https:\/\/sertv.gob.pa\/nacionalfm\/wp-json\/wp\/v2\/posts\/11470","targetHints":{"allow":["GET"]}}],"collection":[{"href":"https:\/\/sertv.gob.pa\/nacionalfm\/wp-json\/wp\/v2\/posts"}],"about":[{"href":"https:\/\/sertv.gob.pa\/nacionalfm\/wp-json\/wp\/v2\/types\/post"}],"author":[{"embeddable":true,"href":"https:\/\/sertv.gob.pa\/nacionalfm\/wp-json\/wp\/v2\/users\/1"}],"replies":[{"embeddable":true,"href":"https:\/\/sertv.gob.pa\/nacionalfm\/wp-json\/wp\/v2\/comments?post=11470"}],"version-history":[{"count":0,"href":"https:\/\/sertv.gob.pa\/nacionalfm\/wp-json\/wp\/v2\/posts\/11470\/revisions"}],"wp:featuredmedia":[{"embeddable":true,"href":"https:\/\/sertv.gob.pa\/nacionalfm\/wp-json\/wp\/v2\/media\/11471"}],"wp:attachment":[{"href":"https:\/\/sertv.gob.pa\/nacionalfm\/wp-json\/wp\/v2\/media?parent=11470"}],"wp:term":[{"taxonomy":"category","embeddable":true,"href":"https:\/\/sertv.gob.pa\/nacionalfm\/wp-json\/wp\/v2\/categories?post=11470"},{"taxonomy":"post_tag","embeddable":true,"href":"https:\/\/sertv.gob.pa\/nacionalfm\/wp-json\/wp\/v2\/tags?post=11470"}],"curies":[{"name":"wp","href":"https:\/\/api.w.org\/{rel}","templated":true}]}}