{"id":11474,"date":"2016-03-23T15:10:37","date_gmt":"2016-03-23T15:10:37","guid":{"rendered":""},"modified":"2016-03-23T15:10:37","modified_gmt":"2016-03-23T15:10:37","slug":"el-cientifico-nunez-ingresa-a-clasificaciones-de-la-amb","status":"publish","type":"post","link":"https:\/\/sertv.gob.pa\/nacionalfm\/el-cientifico-nunez-ingresa-a-clasificaciones-de-la-amb\/","title":{"rendered":"\u201cEl Cient\u00edfico\u201d N\u00fa\u00f1ez ingresa a clasificaciones de la AMB"},"content":{"rendered":"<p>\nEl p\u00fagil chorrerano Ricardo &ldquo;El Cient\u00edfico&rdquo; N\u00fa\u00f1ez apareci\u00f3 en el casillero n\u00famero 13 de los superplumas de la Asociaci\u00f3n Mundial de Boxeo, luego de su victoria por K.O. fulminante ante Manuel Largacha. <\/p>\n<p>Adem\u00e1s de N\u00fa\u00f1ez se encuentran clasificados los paname\u00f1os Juan &ldquo;El Ol\u00edmpico&rdquo; Huertas n\u00famero 10 y Jaime Arboleda n\u00famero 12, adem\u00e1s de Jezrrel &ldquo;El Invisible&rdquo; Corrales que como campe\u00f3n interino se constituye en el primer retador a la corona del super campe\u00f3n, el \u00a0japon\u00e9s, Takashi Uchiyama. <\/p>\n<p>El campe\u00f3n en propiedad es el dominicano Javier &ldquo;El Abej\u00f3n&rdquo; Fortuna. <\/p>\n","protected":false},"excerpt":{"rendered":"<p>El p\u00fagil chorrerano Ricardo &ldquo;El Cient\u00edfico&rdquo; N\u00fa\u00f1ez apareci\u00f3 en el <a href=\"https:\/\/sertv.gob.pa\/nacionalfm\/el-cientifico-nunez-ingresa-a-clasificaciones-de-la-amb\/\"> [&#8230;]<\/a><\/p>\n","protected":false},"author":1,"featured_media":11475,"comment_status":"closed","ping_status":"closed","sticky":false,"template":"","format":"standard","meta":{"footnotes":""},"categories":[4],"tags":[],"class_list":["post-11474","post","type-post","status-publish","format-standard","has-post-thumbnail","hentry","category-deportes"],"_links":{"self":[{"href":"https:\/\/sertv.gob.pa\/nacionalfm\/wp-json\/wp\/v2\/posts\/11474","targetHints":{"allow":["GET"]}}],"collection":[{"href":"https:\/\/sertv.gob.pa\/nacionalfm\/wp-json\/wp\/v2\/posts"}],"about":[{"href":"https:\/\/sertv.gob.pa\/nacionalfm\/wp-json\/wp\/v2\/types\/post"}],"author":[{"embeddable":true,"href":"https:\/\/sertv.gob.pa\/nacionalfm\/wp-json\/wp\/v2\/users\/1"}],"replies":[{"embeddable":true,"href":"https:\/\/sertv.gob.pa\/nacionalfm\/wp-json\/wp\/v2\/comments?post=11474"}],"version-history":[{"count":0,"href":"https:\/\/sertv.gob.pa\/nacionalfm\/wp-json\/wp\/v2\/posts\/11474\/revisions"}],"wp:featuredmedia":[{"embeddable":true,"href":"https:\/\/sertv.gob.pa\/nacionalfm\/wp-json\/wp\/v2\/media\/11475"}],"wp:attachment":[{"href":"https:\/\/sertv.gob.pa\/nacionalfm\/wp-json\/wp\/v2\/media?parent=11474"}],"wp:term":[{"taxonomy":"category","embeddable":true,"href":"https:\/\/sertv.gob.pa\/nacionalfm\/wp-json\/wp\/v2\/categories?post=11474"},{"taxonomy":"post_tag","embeddable":true,"href":"https:\/\/sertv.gob.pa\/nacionalfm\/wp-json\/wp\/v2\/tags?post=11474"}],"curies":[{"name":"wp","href":"https:\/\/api.w.org\/{rel}","templated":true}]}}