{"id":11476,"date":"2016-03-23T15:24:19","date_gmt":"2016-03-23T15:24:19","guid":{"rendered":""},"modified":"2016-03-23T15:24:19","modified_gmt":"2016-03-23T15:24:19","slug":"roberto-chen-debuta-con-el-san-francisco-y-se-vio-bien","status":"publish","type":"post","link":"https:\/\/sertv.gob.pa\/nacionalfm\/roberto-chen-debuta-con-el-san-francisco-y-se-vio-bien\/","title":{"rendered":"Roberto Chen debuta con el San Francisco y se vio bien"},"content":{"rendered":"<p>\nEl central paname\u00f1o Roberto Chen debut\u00f3 este s\u00e1bado como jugador del San Francisco FC en el partido de la jornada 11 del Torneo Clasura 2016 frente al CD Plaza Amador. Los monjes se llevaron la victoria por marcador de 0-1 y Chen jug\u00f3 los 90 minutos del partido. <\/p>\n<p>No es un secreto que el defensor no pasa por su mejor momento y prueba de ello es que la \u00faltima vez que el ex jugador del M\u00e1laga CF de Espa\u00f1a hab\u00eda disputado los 90 minutos de un partido oficial fue el 1 de noviembre de 2015 cuando se encontraba cedido en la Real Balomp\u00e9dica Linense y enfrent\u00f3 al San Roque de Lepe en un partido que termin\u00f3 empatado a dos goles. <\/p>\n<p>Sin embargo, el futbolista se vio bien fisicamente y termin\u00f3 el partido ante Plaza sin ninguna complicaci\u00f3n, lo que deja un aire de expectaci\u00f3n dentro del club chorrerano de poder ayudar a Roberto a recuperar ese nivel que lo llev\u00f3 al f\u00fatbol europeo. <\/p>\n<p>\u00a0 <\/p>\n","protected":false},"excerpt":{"rendered":"<p>El central paname\u00f1o Roberto Chen debut\u00f3 este s\u00e1bado como jugador <a href=\"https:\/\/sertv.gob.pa\/nacionalfm\/roberto-chen-debuta-con-el-san-francisco-y-se-vio-bien\/\"> [&#8230;]<\/a><\/p>\n","protected":false},"author":1,"featured_media":11477,"comment_status":"closed","ping_status":"closed","sticky":false,"template":"","format":"standard","meta":{"footnotes":""},"categories":[4],"tags":[],"class_list":["post-11476","post","type-post","status-publish","format-standard","has-post-thumbnail","hentry","category-deportes"],"_links":{"self":[{"href":"https:\/\/sertv.gob.pa\/nacionalfm\/wp-json\/wp\/v2\/posts\/11476","targetHints":{"allow":["GET"]}}],"collection":[{"href":"https:\/\/sertv.gob.pa\/nacionalfm\/wp-json\/wp\/v2\/posts"}],"about":[{"href":"https:\/\/sertv.gob.pa\/nacionalfm\/wp-json\/wp\/v2\/types\/post"}],"author":[{"embeddable":true,"href":"https:\/\/sertv.gob.pa\/nacionalfm\/wp-json\/wp\/v2\/users\/1"}],"replies":[{"embeddable":true,"href":"https:\/\/sertv.gob.pa\/nacionalfm\/wp-json\/wp\/v2\/comments?post=11476"}],"version-history":[{"count":0,"href":"https:\/\/sertv.gob.pa\/nacionalfm\/wp-json\/wp\/v2\/posts\/11476\/revisions"}],"wp:featuredmedia":[{"embeddable":true,"href":"https:\/\/sertv.gob.pa\/nacionalfm\/wp-json\/wp\/v2\/media\/11477"}],"wp:attachment":[{"href":"https:\/\/sertv.gob.pa\/nacionalfm\/wp-json\/wp\/v2\/media?parent=11476"}],"wp:term":[{"taxonomy":"category","embeddable":true,"href":"https:\/\/sertv.gob.pa\/nacionalfm\/wp-json\/wp\/v2\/categories?post=11476"},{"taxonomy":"post_tag","embeddable":true,"href":"https:\/\/sertv.gob.pa\/nacionalfm\/wp-json\/wp\/v2\/tags?post=11476"}],"curies":[{"name":"wp","href":"https:\/\/api.w.org\/{rel}","templated":true}]}}