{"id":11482,"date":"2016-03-23T17:58:15","date_gmt":"2016-03-23T17:58:15","guid":{"rendered":""},"modified":"2016-03-23T17:58:15","modified_gmt":"2016-03-23T17:58:15","slug":"entidades-nacionales-unen-fuerzas-contra-el-zika","status":"publish","type":"post","link":"https:\/\/sertv.gob.pa\/nacionalfm\/entidades-nacionales-unen-fuerzas-contra-el-zika\/","title":{"rendered":"Entidades nacionales unen fuerzas contra el zika"},"content":{"rendered":"<p>\nCuatro entidades nacionales vinculadas a la salud y la investigaci\u00f3n han unido fuerzas para combatir el  zika . <\/p>\n<p>Se trata del  Ministerio de Salud (Minsa) , el  Instituto Gorgas de Estudios de la Salud , el  Instituto de Investigaciones Cient\u00edficas y Servicios de Alta Tecnolog\u00eda (Indicasat)  y la  Secretar\u00eda Nacional de Ciencia, Tecnolog\u00eda e Innovaci\u00f3n (Senacyt) , quienes este martes anunciaron que se proponen desarrollar una serie de l\u00edneas\u00a0 de investigaci\u00f3n conjuntas &ldquo;en temas prioritarios sobre el zika&rdquo;. <\/p>\n<p>La alianza surge dada la gravedad &ldquo;de esta epidemia&rdquo; y la falta de conocimiento acerca de la biolog\u00eda y patog\u00e9nesis del zika, cuyo avance motiv\u00f3 a que la  Organizaci\u00f3n Mundial de la Salud (OMS) \u00a0declarara una &ldquo;alerta sanitaria mundial&rdquo;.\u00a0 Hasta el pasado lunes,  en Panam\u00e1 se hab\u00edan contabilizado 149 casos . <\/p>\n<p>En una nota de prensa firmada por el Minsa, el Gorgas, el Indicasat y el Senacyt, se\u00a0 menciona que las l\u00edneas de investigaci\u00f3n consisten en el desarrollo y evoluci\u00f3n de m\u00e9todos de diagn\u00f3sticos serol\u00f3gicos espec\u00edficos para el zika. <\/p>\n<p>\u00a0 <\/p>\n","protected":false},"excerpt":{"rendered":"<p>Cuatro entidades nacionales vinculadas a la salud y la investigaci\u00f3n <a href=\"https:\/\/sertv.gob.pa\/nacionalfm\/entidades-nacionales-unen-fuerzas-contra-el-zika\/\"> [&#8230;]<\/a><\/p>\n","protected":false},"author":1,"featured_media":11483,"comment_status":"closed","ping_status":"closed","sticky":false,"template":"","format":"standard","meta":{"footnotes":""},"categories":[5],"tags":[],"class_list":["post-11482","post","type-post","status-publish","format-standard","has-post-thumbnail","hentry","category-salud"],"_links":{"self":[{"href":"https:\/\/sertv.gob.pa\/nacionalfm\/wp-json\/wp\/v2\/posts\/11482","targetHints":{"allow":["GET"]}}],"collection":[{"href":"https:\/\/sertv.gob.pa\/nacionalfm\/wp-json\/wp\/v2\/posts"}],"about":[{"href":"https:\/\/sertv.gob.pa\/nacionalfm\/wp-json\/wp\/v2\/types\/post"}],"author":[{"embeddable":true,"href":"https:\/\/sertv.gob.pa\/nacionalfm\/wp-json\/wp\/v2\/users\/1"}],"replies":[{"embeddable":true,"href":"https:\/\/sertv.gob.pa\/nacionalfm\/wp-json\/wp\/v2\/comments?post=11482"}],"version-history":[{"count":0,"href":"https:\/\/sertv.gob.pa\/nacionalfm\/wp-json\/wp\/v2\/posts\/11482\/revisions"}],"wp:featuredmedia":[{"embeddable":true,"href":"https:\/\/sertv.gob.pa\/nacionalfm\/wp-json\/wp\/v2\/media\/11483"}],"wp:attachment":[{"href":"https:\/\/sertv.gob.pa\/nacionalfm\/wp-json\/wp\/v2\/media?parent=11482"}],"wp:term":[{"taxonomy":"category","embeddable":true,"href":"https:\/\/sertv.gob.pa\/nacionalfm\/wp-json\/wp\/v2\/categories?post=11482"},{"taxonomy":"post_tag","embeddable":true,"href":"https:\/\/sertv.gob.pa\/nacionalfm\/wp-json\/wp\/v2\/tags?post=11482"}],"curies":[{"name":"wp","href":"https:\/\/api.w.org\/{rel}","templated":true}]}}