{"id":11494,"date":"2016-03-24T14:01:55","date_gmt":"2016-03-24T14:01:55","guid":{"rendered":""},"modified":"2016-03-24T14:01:55","modified_gmt":"2016-03-24T14:01:55","slug":"el-zika-podria-tener-nuevos-aliados","status":"publish","type":"post","link":"https:\/\/sertv.gob.pa\/nacionalfm\/el-zika-podria-tener-nuevos-aliados\/","title":{"rendered":"El Zika podr\u00eda tener nuevos aliados"},"content":{"rendered":"<p>\nEl virus del zika podr\u00eda tener 2 nuevos aliados: el mosquito culex y el Aedes albopictus. <\/p>\n<p>Las autoridades de salud sospechan que adem\u00e1s del Aedes aegypti , el mosquito culex (zancudo com\u00fan) y el albopictus igualmente pueden trasmitir este virus, que desde el 14 de noviembre de 2015 est\u00e1 en Panam\u00e1. <\/p>\n<p>De acuerdo con el ministro de Salud, Francisco Terrientes, esta es una sospecha que tiene la Organizaci\u00f3n Mundial de la Salud (OMS) de que otros mosquitos sean los culpables de la transmisi\u00f3n del zika por el gran aumento de casos a nivel nacional. <\/p>\n<p>&lsquo;Se piensa que el mosquito culex , que es frecuente en el pa\u00eds, tenga la capacidad de trasmitir el virus&#8217;, dijo Terrientes. <\/p>\n<p>En menos de cinco meses, Panam\u00e1 ha registrado 149 casos de zika. <\/p>\n<p>\u00a0 <\/p>\n","protected":false},"excerpt":{"rendered":"<p>El virus del zika podr\u00eda tener 2 nuevos aliados: el <a href=\"https:\/\/sertv.gob.pa\/nacionalfm\/el-zika-podria-tener-nuevos-aliados\/\"> [&#8230;]<\/a><\/p>\n","protected":false},"author":1,"featured_media":11495,"comment_status":"closed","ping_status":"closed","sticky":false,"template":"","format":"standard","meta":{"footnotes":""},"categories":[5],"tags":[],"class_list":["post-11494","post","type-post","status-publish","format-standard","has-post-thumbnail","hentry","category-salud"],"_links":{"self":[{"href":"https:\/\/sertv.gob.pa\/nacionalfm\/wp-json\/wp\/v2\/posts\/11494","targetHints":{"allow":["GET"]}}],"collection":[{"href":"https:\/\/sertv.gob.pa\/nacionalfm\/wp-json\/wp\/v2\/posts"}],"about":[{"href":"https:\/\/sertv.gob.pa\/nacionalfm\/wp-json\/wp\/v2\/types\/post"}],"author":[{"embeddable":true,"href":"https:\/\/sertv.gob.pa\/nacionalfm\/wp-json\/wp\/v2\/users\/1"}],"replies":[{"embeddable":true,"href":"https:\/\/sertv.gob.pa\/nacionalfm\/wp-json\/wp\/v2\/comments?post=11494"}],"version-history":[{"count":0,"href":"https:\/\/sertv.gob.pa\/nacionalfm\/wp-json\/wp\/v2\/posts\/11494\/revisions"}],"wp:featuredmedia":[{"embeddable":true,"href":"https:\/\/sertv.gob.pa\/nacionalfm\/wp-json\/wp\/v2\/media\/11495"}],"wp:attachment":[{"href":"https:\/\/sertv.gob.pa\/nacionalfm\/wp-json\/wp\/v2\/media?parent=11494"}],"wp:term":[{"taxonomy":"category","embeddable":true,"href":"https:\/\/sertv.gob.pa\/nacionalfm\/wp-json\/wp\/v2\/categories?post=11494"},{"taxonomy":"post_tag","embeddable":true,"href":"https:\/\/sertv.gob.pa\/nacionalfm\/wp-json\/wp\/v2\/tags?post=11494"}],"curies":[{"name":"wp","href":"https:\/\/api.w.org\/{rel}","templated":true}]}}