{"id":11498,"date":"2016-03-24T14:33:10","date_gmt":"2016-03-24T14:33:10","guid":{"rendered":""},"modified":"2016-03-24T14:33:10","modified_gmt":"2016-03-24T14:33:10","slug":"vacunas-vencidas-riesgo-bajo-de-reaccion-toxica","status":"publish","type":"post","link":"https:\/\/sertv.gob.pa\/nacionalfm\/vacunas-vencidas-riesgo-bajo-de-reaccion-toxica\/","title":{"rendered":"Vacunas vencidas, riesgo bajo de reacci\u00f3n t\u00f3xica"},"content":{"rendered":"<p>\nLas vacunas almacenadas inadecuadamente o caducadas representan un peligro muy bajo de ocasionar una reacci\u00f3n t\u00f3xica, indica un comunicado de la oficina de la Organizaci\u00f3n Mundial de la Salud (OMS) en China. <\/p>\n<p>El comunicado se\u00f1ala que la OMS est\u00e1 enterada de un incidente con una vacuna y espera los resultados de la correspondiente investigaci\u00f3n efectuada \u00a0por las autoridades de salud chinas. La organizaci\u00f3n igualmente manifest\u00f3 su deseo de proporcionar apoyo. <\/p>\n<p>Las vacunas necesitan ser almacenadas y manejadas apropiadamente o pueden perder potencia y volverse menos efectivas, se\u00f1ala el comunicado. Sin embargo, el almacenamiento inadecuado o las vacunas expiradas rara vez causan una reacci\u00f3n t\u00f3xica, indica el comunicado. <\/p>\n<p>Existen riesgos m\u00ednimos para la seguridad en este incidente en particular. <\/p>\n<p>\u00a0 <\/p>\n","protected":false},"excerpt":{"rendered":"<p>Las vacunas almacenadas inadecuadamente o caducadas representan un peligro muy <a href=\"https:\/\/sertv.gob.pa\/nacionalfm\/vacunas-vencidas-riesgo-bajo-de-reaccion-toxica\/\"> [&#8230;]<\/a><\/p>\n","protected":false},"author":1,"featured_media":11499,"comment_status":"closed","ping_status":"closed","sticky":false,"template":"","format":"standard","meta":{"footnotes":""},"categories":[5],"tags":[],"class_list":["post-11498","post","type-post","status-publish","format-standard","has-post-thumbnail","hentry","category-salud"],"_links":{"self":[{"href":"https:\/\/sertv.gob.pa\/nacionalfm\/wp-json\/wp\/v2\/posts\/11498","targetHints":{"allow":["GET"]}}],"collection":[{"href":"https:\/\/sertv.gob.pa\/nacionalfm\/wp-json\/wp\/v2\/posts"}],"about":[{"href":"https:\/\/sertv.gob.pa\/nacionalfm\/wp-json\/wp\/v2\/types\/post"}],"author":[{"embeddable":true,"href":"https:\/\/sertv.gob.pa\/nacionalfm\/wp-json\/wp\/v2\/users\/1"}],"replies":[{"embeddable":true,"href":"https:\/\/sertv.gob.pa\/nacionalfm\/wp-json\/wp\/v2\/comments?post=11498"}],"version-history":[{"count":0,"href":"https:\/\/sertv.gob.pa\/nacionalfm\/wp-json\/wp\/v2\/posts\/11498\/revisions"}],"wp:featuredmedia":[{"embeddable":true,"href":"https:\/\/sertv.gob.pa\/nacionalfm\/wp-json\/wp\/v2\/media\/11499"}],"wp:attachment":[{"href":"https:\/\/sertv.gob.pa\/nacionalfm\/wp-json\/wp\/v2\/media?parent=11498"}],"wp:term":[{"taxonomy":"category","embeddable":true,"href":"https:\/\/sertv.gob.pa\/nacionalfm\/wp-json\/wp\/v2\/categories?post=11498"},{"taxonomy":"post_tag","embeddable":true,"href":"https:\/\/sertv.gob.pa\/nacionalfm\/wp-json\/wp\/v2\/tags?post=11498"}],"curies":[{"name":"wp","href":"https:\/\/api.w.org\/{rel}","templated":true}]}}