{"id":11512,"date":"2016-03-24T16:54:52","date_gmt":"2016-03-24T16:54:52","guid":{"rendered":""},"modified":"2016-03-24T16:54:52","modified_gmt":"2016-03-24T16:54:52","slug":"tratan-de-armar-pelea-entre-nicholas-walters-y-lomachenko","status":"publish","type":"post","link":"https:\/\/sertv.gob.pa\/nacionalfm\/tratan-de-armar-pelea-entre-nicholas-walters-y-lomachenko\/","title":{"rendered":"Tratan de armar pelea entre Nicholas Walters y Lomachenko"},"content":{"rendered":"<p>\nEl promotor de Top Rank Bob Arum est\u00e1 tramitando una pelea importante para el 11 de junio televisada por HBO, desde el Madison Square Garden de New York. <\/p>\n<p> La pelea en referencia ser\u00eda la del campe\u00f3n pluma Vasyl Lomachenko de cinco victorias, una derrota y 3 ganadas por K.O. y el ex campe\u00f3n pluma, el jamaicano residente en Panam\u00e1 Nicholas Walters, invicto en 26 victorias, un empate y 21 definidas por la v\u00eda r\u00e1pida.  <\/p>\n<p> La pelea ser\u00eda en las 130 libras.  <\/p>\n<p>\u00a0 <\/p>\n","protected":false},"excerpt":{"rendered":"<p>El promotor de Top Rank Bob Arum est\u00e1 tramitando una <a href=\"https:\/\/sertv.gob.pa\/nacionalfm\/tratan-de-armar-pelea-entre-nicholas-walters-y-lomachenko\/\"> [&#8230;]<\/a><\/p>\n","protected":false},"author":1,"featured_media":11513,"comment_status":"closed","ping_status":"closed","sticky":false,"template":"","format":"standard","meta":{"footnotes":""},"categories":[4],"tags":[],"class_list":["post-11512","post","type-post","status-publish","format-standard","has-post-thumbnail","hentry","category-deportes"],"_links":{"self":[{"href":"https:\/\/sertv.gob.pa\/nacionalfm\/wp-json\/wp\/v2\/posts\/11512","targetHints":{"allow":["GET"]}}],"collection":[{"href":"https:\/\/sertv.gob.pa\/nacionalfm\/wp-json\/wp\/v2\/posts"}],"about":[{"href":"https:\/\/sertv.gob.pa\/nacionalfm\/wp-json\/wp\/v2\/types\/post"}],"author":[{"embeddable":true,"href":"https:\/\/sertv.gob.pa\/nacionalfm\/wp-json\/wp\/v2\/users\/1"}],"replies":[{"embeddable":true,"href":"https:\/\/sertv.gob.pa\/nacionalfm\/wp-json\/wp\/v2\/comments?post=11512"}],"version-history":[{"count":0,"href":"https:\/\/sertv.gob.pa\/nacionalfm\/wp-json\/wp\/v2\/posts\/11512\/revisions"}],"wp:featuredmedia":[{"embeddable":true,"href":"https:\/\/sertv.gob.pa\/nacionalfm\/wp-json\/wp\/v2\/media\/11513"}],"wp:attachment":[{"href":"https:\/\/sertv.gob.pa\/nacionalfm\/wp-json\/wp\/v2\/media?parent=11512"}],"wp:term":[{"taxonomy":"category","embeddable":true,"href":"https:\/\/sertv.gob.pa\/nacionalfm\/wp-json\/wp\/v2\/categories?post=11512"},{"taxonomy":"post_tag","embeddable":true,"href":"https:\/\/sertv.gob.pa\/nacionalfm\/wp-json\/wp\/v2\/tags?post=11512"}],"curies":[{"name":"wp","href":"https:\/\/api.w.org\/{rel}","templated":true}]}}