{"id":11536,"date":"2016-03-28T15:45:22","date_gmt":"2016-03-28T15:45:22","guid":{"rendered":""},"modified":"2016-03-28T15:45:22","modified_gmt":"2016-03-28T15:45:22","slug":"hijos-de-fumadoras-pasivas-con-mas-riesgo-de-sufrir-sibilancias","status":"publish","type":"post","link":"https:\/\/sertv.gob.pa\/nacionalfm\/hijos-de-fumadoras-pasivas-con-mas-riesgo-de-sufrir-sibilancias\/","title":{"rendered":"Hijos de fumadoras pasivas con m\u00e1s riesgo de sufrir sibilancias"},"content":{"rendered":"<p>\nUna investigaci\u00f3n efectuada con datos de 27.993 parejas madre-hijo ha demostrado una relaci\u00f3n entre el tabaquismo pasivo materno durante el embarazo y las sibilancias en ni\u00f1os menores de 2 a\u00f1os. <\/p>\n<p>El resultado fue contundente: los ni\u00f1os con exposici\u00f3n materna al humo del tabaco durante el embarazo eran un 11% m\u00e1s propensos a desarrollar dichos problemas respiratorios, en comparaci\u00f3n con los ni\u00f1os no expuestos. <\/p>\n<p>El estudio, publicado en la revista European Respiratory Journal, confirm\u00f3 que el peligro de s\u00edntomas respiratorios se aumenta de forma a\u00fan m\u00e1s notable cuando m\u00e1s sostenida es la exposici\u00f3n al humo en las diferentes fases previas y posteriores al embarazo, hasta llegar a un 29% cuando los ni\u00f1os est\u00e1n expuestos de manera pasiva al tabaco durante la gestaci\u00f3n e igualmente despu\u00e9s del parto, y hasta el 74% si las madres eran fumadoras activas antes del embarazo y convert\u00edan al beb\u00e9 en fumador pasivo, es decir, se le expon\u00eda al humo. <\/p>\n<p>\u00a0 <\/p>\n","protected":false},"excerpt":{"rendered":"<p>Una investigaci\u00f3n efectuada con datos de 27.993 parejas madre-hijo ha <a href=\"https:\/\/sertv.gob.pa\/nacionalfm\/hijos-de-fumadoras-pasivas-con-mas-riesgo-de-sufrir-sibilancias\/\"> [&#8230;]<\/a><\/p>\n","protected":false},"author":1,"featured_media":11537,"comment_status":"closed","ping_status":"closed","sticky":false,"template":"","format":"standard","meta":{"footnotes":""},"categories":[5],"tags":[],"class_list":["post-11536","post","type-post","status-publish","format-standard","has-post-thumbnail","hentry","category-salud"],"_links":{"self":[{"href":"https:\/\/sertv.gob.pa\/nacionalfm\/wp-json\/wp\/v2\/posts\/11536","targetHints":{"allow":["GET"]}}],"collection":[{"href":"https:\/\/sertv.gob.pa\/nacionalfm\/wp-json\/wp\/v2\/posts"}],"about":[{"href":"https:\/\/sertv.gob.pa\/nacionalfm\/wp-json\/wp\/v2\/types\/post"}],"author":[{"embeddable":true,"href":"https:\/\/sertv.gob.pa\/nacionalfm\/wp-json\/wp\/v2\/users\/1"}],"replies":[{"embeddable":true,"href":"https:\/\/sertv.gob.pa\/nacionalfm\/wp-json\/wp\/v2\/comments?post=11536"}],"version-history":[{"count":0,"href":"https:\/\/sertv.gob.pa\/nacionalfm\/wp-json\/wp\/v2\/posts\/11536\/revisions"}],"wp:featuredmedia":[{"embeddable":true,"href":"https:\/\/sertv.gob.pa\/nacionalfm\/wp-json\/wp\/v2\/media\/11537"}],"wp:attachment":[{"href":"https:\/\/sertv.gob.pa\/nacionalfm\/wp-json\/wp\/v2\/media?parent=11536"}],"wp:term":[{"taxonomy":"category","embeddable":true,"href":"https:\/\/sertv.gob.pa\/nacionalfm\/wp-json\/wp\/v2\/categories?post=11536"},{"taxonomy":"post_tag","embeddable":true,"href":"https:\/\/sertv.gob.pa\/nacionalfm\/wp-json\/wp\/v2\/tags?post=11536"}],"curies":[{"name":"wp","href":"https:\/\/api.w.org\/{rel}","templated":true}]}}