{"id":11548,"date":"2016-03-28T18:03:57","date_gmt":"2016-03-28T18:03:57","guid":{"rendered":""},"modified":"2016-03-28T18:03:57","modified_gmt":"2016-03-28T18:03:57","slug":"minsa-entrega-equipos-para-combatir-mosquito-aedes","status":"publish","type":"post","link":"https:\/\/sertv.gob.pa\/nacionalfm\/minsa-entrega-equipos-para-combatir-mosquito-aedes\/","title":{"rendered":"Minsa entrega equipos para combatir mosquito Aedes"},"content":{"rendered":"<p>\nHoy, lunes, el ministro de Salud, Francisco Javier Terrientes, entreg\u00f3 equipos rodantes y nebulizadores para fumigaci\u00f3n a las diversas sedes regionales. <\/p>\n<p>Terrientes explic\u00f3 que estos veh\u00edculos y equipos son parte de la estrategia desarrollada luego de la declaraci\u00f3n de alerta sanitaria por el incremento de casos de zika en el pa\u00eds. <\/p>\n<p>El titular de Salud a\u00f1adi\u00f3 que el \u00faltimo informe sobre casos de virus de zika es de 156 en la comarca Guna Yala, Col\u00f3n, Panam\u00e1 Este, Oeste , Norte , San Miguelito y ciudad capital. <\/p>\n<p>Insisti\u00f3 que se necesita mayor cooperaci\u00f3n de las comunidades para eliminar los criaderos del mosquito Aedes aegypti, transmisor de zika, dengue y chikungunya. <\/p>\n<p>\u00a0 <\/p>\n","protected":false},"excerpt":{"rendered":"<p>Hoy, lunes, el ministro de Salud, Francisco Javier Terrientes, entreg\u00f3 <a href=\"https:\/\/sertv.gob.pa\/nacionalfm\/minsa-entrega-equipos-para-combatir-mosquito-aedes\/\"> [&#8230;]<\/a><\/p>\n","protected":false},"author":1,"featured_media":11549,"comment_status":"closed","ping_status":"closed","sticky":false,"template":"","format":"standard","meta":{"footnotes":""},"categories":[5],"tags":[],"class_list":["post-11548","post","type-post","status-publish","format-standard","has-post-thumbnail","hentry","category-salud"],"_links":{"self":[{"href":"https:\/\/sertv.gob.pa\/nacionalfm\/wp-json\/wp\/v2\/posts\/11548","targetHints":{"allow":["GET"]}}],"collection":[{"href":"https:\/\/sertv.gob.pa\/nacionalfm\/wp-json\/wp\/v2\/posts"}],"about":[{"href":"https:\/\/sertv.gob.pa\/nacionalfm\/wp-json\/wp\/v2\/types\/post"}],"author":[{"embeddable":true,"href":"https:\/\/sertv.gob.pa\/nacionalfm\/wp-json\/wp\/v2\/users\/1"}],"replies":[{"embeddable":true,"href":"https:\/\/sertv.gob.pa\/nacionalfm\/wp-json\/wp\/v2\/comments?post=11548"}],"version-history":[{"count":0,"href":"https:\/\/sertv.gob.pa\/nacionalfm\/wp-json\/wp\/v2\/posts\/11548\/revisions"}],"wp:featuredmedia":[{"embeddable":true,"href":"https:\/\/sertv.gob.pa\/nacionalfm\/wp-json\/wp\/v2\/media\/11549"}],"wp:attachment":[{"href":"https:\/\/sertv.gob.pa\/nacionalfm\/wp-json\/wp\/v2\/media?parent=11548"}],"wp:term":[{"taxonomy":"category","embeddable":true,"href":"https:\/\/sertv.gob.pa\/nacionalfm\/wp-json\/wp\/v2\/categories?post=11548"},{"taxonomy":"post_tag","embeddable":true,"href":"https:\/\/sertv.gob.pa\/nacionalfm\/wp-json\/wp\/v2\/tags?post=11548"}],"curies":[{"name":"wp","href":"https:\/\/api.w.org\/{rel}","templated":true}]}}