{"id":11554,"date":"2016-03-28T18:48:58","date_gmt":"2016-03-28T18:48:58","guid":{"rendered":""},"modified":"2016-03-28T18:48:58","modified_gmt":"2016-03-28T18:48:58","slug":"jaime-arboleda-ante-peligros-obstaculo-como-el-tigre-forero","status":"publish","type":"post","link":"https:\/\/sertv.gob.pa\/nacionalfm\/jaime-arboleda-ante-peligros-obstaculo-como-el-tigre-forero\/","title":{"rendered":"Jaime Arboleda ante peligros obst\u00e1culo como \u201cEl Tigre\u201d Forero"},"content":{"rendered":"<p>\nJaime Arboleda tendr\u00e1 su primera prueba de fuego ante un paname\u00f1o cuando se mida al verag\u00fcense Jos\u00e9 &ldquo;El Tigre&rdquo; Forero, en pelea coestelar de la cartelera box\u00edstica &ldquo;Campo Minado&rdquo; que tiene como combate estelar el del chiricano Bryan De Gracia y el venezolano radicado en Panam\u00e1 Tony &ldquo;El Patriota&rdquo; G\u00f3mez. <\/p>\n<p>Arboleda viene de recuperarse de dos ca\u00eddas en el primer asalto para levantarse y vencer a sus m\u00e1s recientes rivales, los venezolanos Tony G\u00f3mez a quien venci\u00f3 por decisi\u00f3n y a Sandro Hern\u00e1ndez a quien venci\u00f3 con un K.O. fulminante en el segundo asalto. <\/p>\n<p>En tanto que &ldquo;El Tigre&rdquo; Forero viene de una inactividad por cuestiones familiares y dos derrotas consecutivas que tienen que con su situaci\u00f3n ante Antonio &ldquo;El Gordo&rdquo; Fern\u00e1ndez y posteriormente por la v\u00eda r\u00e1pida ante Yohan V\u00e1squez de Rep\u00fablica Dominicana. <\/p>\n<p>Forero espera recuperarse y volver a los primeros planos de vencer a Jaime Arboleda quien se encuentra clasificado 13 en la Asociaci\u00f3n Mundial de Boxeo. <\/p>\n","protected":false},"excerpt":{"rendered":"<p>Jaime Arboleda tendr\u00e1 su primera prueba de fuego ante un <a href=\"https:\/\/sertv.gob.pa\/nacionalfm\/jaime-arboleda-ante-peligros-obstaculo-como-el-tigre-forero\/\"> [&#8230;]<\/a><\/p>\n","protected":false},"author":1,"featured_media":11555,"comment_status":"closed","ping_status":"closed","sticky":false,"template":"","format":"standard","meta":{"footnotes":""},"categories":[4],"tags":[],"class_list":["post-11554","post","type-post","status-publish","format-standard","has-post-thumbnail","hentry","category-deportes"],"_links":{"self":[{"href":"https:\/\/sertv.gob.pa\/nacionalfm\/wp-json\/wp\/v2\/posts\/11554","targetHints":{"allow":["GET"]}}],"collection":[{"href":"https:\/\/sertv.gob.pa\/nacionalfm\/wp-json\/wp\/v2\/posts"}],"about":[{"href":"https:\/\/sertv.gob.pa\/nacionalfm\/wp-json\/wp\/v2\/types\/post"}],"author":[{"embeddable":true,"href":"https:\/\/sertv.gob.pa\/nacionalfm\/wp-json\/wp\/v2\/users\/1"}],"replies":[{"embeddable":true,"href":"https:\/\/sertv.gob.pa\/nacionalfm\/wp-json\/wp\/v2\/comments?post=11554"}],"version-history":[{"count":0,"href":"https:\/\/sertv.gob.pa\/nacionalfm\/wp-json\/wp\/v2\/posts\/11554\/revisions"}],"wp:featuredmedia":[{"embeddable":true,"href":"https:\/\/sertv.gob.pa\/nacionalfm\/wp-json\/wp\/v2\/media\/11555"}],"wp:attachment":[{"href":"https:\/\/sertv.gob.pa\/nacionalfm\/wp-json\/wp\/v2\/media?parent=11554"}],"wp:term":[{"taxonomy":"category","embeddable":true,"href":"https:\/\/sertv.gob.pa\/nacionalfm\/wp-json\/wp\/v2\/categories?post=11554"},{"taxonomy":"post_tag","embeddable":true,"href":"https:\/\/sertv.gob.pa\/nacionalfm\/wp-json\/wp\/v2\/tags?post=11554"}],"curies":[{"name":"wp","href":"https:\/\/api.w.org\/{rel}","templated":true}]}}