{"id":11556,"date":"2016-03-28T19:15:59","date_gmt":"2016-03-28T19:15:59","guid":{"rendered":""},"modified":"2016-03-28T19:15:59","modified_gmt":"2016-03-28T19:15:59","slug":"reconstruccion-del-juan-demostenes-arosemena-una-realidad","status":"publish","type":"post","link":"https:\/\/sertv.gob.pa\/nacionalfm\/reconstruccion-del-juan-demostenes-arosemena-una-realidad\/","title":{"rendered":"Reconstrucci\u00f3n del Juan Dem\u00f3stenes Arosemena, una realidad"},"content":{"rendered":"<p>\nComo parte de la inversi\u00f3n del Gobierno Nacional de 107 millones de balboas, para infraestructura, se incluye la total remodelaci\u00f3n del hist\u00f3rico Estadio Juan Dem\u00f3stenes Arosemena, construido 1938 con motivo de los IV Juegos Centroamericanos y del Caribe. <\/p>\n<p>Los terrenos del Juan Dem\u00f3stenes Arosemena fueron abandonados por varios a\u00f1os, ya que con la construcci\u00f3n del nuevo Curund\u00fa se pretend\u00eda utilizar el \u00e1rea como soluciones habitacionales, pero personas allegadas al b\u00e9isbol se opusieron y hoy en d\u00eda es una realidad que volver\u00e1 a ser cuna de grandes peloteros. <\/p>\n<p>Tambi\u00e9n se contempla la remodelaci\u00f3n de la piscina Ad\u00e1n Gord\u00f3n, fundada de igual manera en 1938 con motivo de los IV Juegos Centroamericanos y del Caribe. <\/p>\n<p>\u00a0 <\/p>\n","protected":false},"excerpt":{"rendered":"<p>Como parte de la inversi\u00f3n del Gobierno Nacional de 107 <a href=\"https:\/\/sertv.gob.pa\/nacionalfm\/reconstruccion-del-juan-demostenes-arosemena-una-realidad\/\"> [&#8230;]<\/a><\/p>\n","protected":false},"author":1,"featured_media":11557,"comment_status":"closed","ping_status":"closed","sticky":false,"template":"","format":"standard","meta":{"footnotes":""},"categories":[4],"tags":[],"class_list":["post-11556","post","type-post","status-publish","format-standard","has-post-thumbnail","hentry","category-deportes"],"_links":{"self":[{"href":"https:\/\/sertv.gob.pa\/nacionalfm\/wp-json\/wp\/v2\/posts\/11556","targetHints":{"allow":["GET"]}}],"collection":[{"href":"https:\/\/sertv.gob.pa\/nacionalfm\/wp-json\/wp\/v2\/posts"}],"about":[{"href":"https:\/\/sertv.gob.pa\/nacionalfm\/wp-json\/wp\/v2\/types\/post"}],"author":[{"embeddable":true,"href":"https:\/\/sertv.gob.pa\/nacionalfm\/wp-json\/wp\/v2\/users\/1"}],"replies":[{"embeddable":true,"href":"https:\/\/sertv.gob.pa\/nacionalfm\/wp-json\/wp\/v2\/comments?post=11556"}],"version-history":[{"count":0,"href":"https:\/\/sertv.gob.pa\/nacionalfm\/wp-json\/wp\/v2\/posts\/11556\/revisions"}],"wp:featuredmedia":[{"embeddable":true,"href":"https:\/\/sertv.gob.pa\/nacionalfm\/wp-json\/wp\/v2\/media\/11557"}],"wp:attachment":[{"href":"https:\/\/sertv.gob.pa\/nacionalfm\/wp-json\/wp\/v2\/media?parent=11556"}],"wp:term":[{"taxonomy":"category","embeddable":true,"href":"https:\/\/sertv.gob.pa\/nacionalfm\/wp-json\/wp\/v2\/categories?post=11556"},{"taxonomy":"post_tag","embeddable":true,"href":"https:\/\/sertv.gob.pa\/nacionalfm\/wp-json\/wp\/v2\/tags?post=11556"}],"curies":[{"name":"wp","href":"https:\/\/api.w.org\/{rel}","templated":true}]}}