{"id":11558,"date":"2016-03-28T19:32:03","date_gmt":"2016-03-28T19:32:03","guid":{"rendered":""},"modified":"2016-03-28T19:32:03","modified_gmt":"2016-03-28T19:32:03","slug":"viene-el-centrobasket-a-panama","status":"publish","type":"post","link":"https:\/\/sertv.gob.pa\/nacionalfm\/viene-el-centrobasket-a-panama\/","title":{"rendered":"Viene el CENTROBASKET a Panam\u00e1"},"content":{"rendered":"<p>\n Ma\u00f1ana se llevar\u00e1 a cabo en el Sal\u00f3n Bella Vista del Hotel Panam\u00e1 el sorteo para el Campeonato &ldquo;CENTROBASKET&rdquo; Panam\u00e1, que se llevar\u00e1 a cabo en nuestro pa\u00eds del 20 al 26 de junio 2016, organizados por la Federaci\u00f3n Paname\u00f1a de Baloncesto y FIBA Am\u00e9ricas.  <\/p>\n<p> En el torneo participar\u00e1n los mejores equipos del \u00e1rea de Centroam\u00e9rica y del Caribe, como Antigua, Barbados, Costa Rica, Cuba, Rep\u00fablica Dominicana, M\u00e9xico, Nicaragua, Puerto Rico, Islas V\u00edrgenes y la Sede Panam\u00e1.  <\/p>\n<p> FEPABA y FIBA Am\u00e9ricas brindar\u00e1n todos los detalles del evento ma\u00f1ana 29 de marzo en conferencia de prensa a las 11 am, en el Sal\u00f3n Bella Vista en la ceremonia del sorteo.  <\/p>\n<p> \u00a0  <\/p>\n","protected":false},"excerpt":{"rendered":"<p>Ma\u00f1ana se llevar\u00e1 a cabo en el Sal\u00f3n Bella Vista <a href=\"https:\/\/sertv.gob.pa\/nacionalfm\/viene-el-centrobasket-a-panama\/\"> [&#8230;]<\/a><\/p>\n","protected":false},"author":1,"featured_media":11559,"comment_status":"closed","ping_status":"closed","sticky":false,"template":"","format":"standard","meta":{"footnotes":""},"categories":[4],"tags":[],"class_list":["post-11558","post","type-post","status-publish","format-standard","has-post-thumbnail","hentry","category-deportes"],"_links":{"self":[{"href":"https:\/\/sertv.gob.pa\/nacionalfm\/wp-json\/wp\/v2\/posts\/11558","targetHints":{"allow":["GET"]}}],"collection":[{"href":"https:\/\/sertv.gob.pa\/nacionalfm\/wp-json\/wp\/v2\/posts"}],"about":[{"href":"https:\/\/sertv.gob.pa\/nacionalfm\/wp-json\/wp\/v2\/types\/post"}],"author":[{"embeddable":true,"href":"https:\/\/sertv.gob.pa\/nacionalfm\/wp-json\/wp\/v2\/users\/1"}],"replies":[{"embeddable":true,"href":"https:\/\/sertv.gob.pa\/nacionalfm\/wp-json\/wp\/v2\/comments?post=11558"}],"version-history":[{"count":0,"href":"https:\/\/sertv.gob.pa\/nacionalfm\/wp-json\/wp\/v2\/posts\/11558\/revisions"}],"wp:featuredmedia":[{"embeddable":true,"href":"https:\/\/sertv.gob.pa\/nacionalfm\/wp-json\/wp\/v2\/media\/11559"}],"wp:attachment":[{"href":"https:\/\/sertv.gob.pa\/nacionalfm\/wp-json\/wp\/v2\/media?parent=11558"}],"wp:term":[{"taxonomy":"category","embeddable":true,"href":"https:\/\/sertv.gob.pa\/nacionalfm\/wp-json\/wp\/v2\/categories?post=11558"},{"taxonomy":"post_tag","embeddable":true,"href":"https:\/\/sertv.gob.pa\/nacionalfm\/wp-json\/wp\/v2\/tags?post=11558"}],"curies":[{"name":"wp","href":"https:\/\/api.w.org\/{rel}","templated":true}]}}