{"id":11574,"date":"2016-03-29T15:21:36","date_gmt":"2016-03-29T15:21:36","guid":{"rendered":""},"modified":"2016-03-29T15:21:36","modified_gmt":"2016-03-29T15:21:36","slug":"recetas-en-papel-no-seran-entregadas-por-medicos-de-nueva-york","status":"publish","type":"post","link":"https:\/\/sertv.gob.pa\/nacionalfm\/recetas-en-papel-no-seran-entregadas-por-medicos-de-nueva-york\/","title":{"rendered":"Recetas en papel no ser\u00e1n entregadas por m\u00e9dicos de Nueva York"},"content":{"rendered":"<p>\n Nueva York  pondr\u00e1 fin a la mayor\u00eda de las  recetas m\u00e9dicas en papel  al entrar en vigor la ley m\u00e1s estricta al respecto a nivel nacional. <\/p>\n<p>Desde pasado domingo, 27 de marzo, los doctores, dentistas y dem\u00e1s profesionales de la salud deben enviar las recetas de  manera electr\u00f3nica  a las farmacias, en lugar de darles una receta en papel a sus pacientes. <\/p>\n<p>Existen excepciones por emergencias y circunstancias inusuales, y se les han otorgado miles de extensiones a quienes las emiten. <\/p>\n<p>La ley tiene como prop\u00f3sito combatir el abuso de analg\u00e9sicos y la falsificaci\u00f3n de recetas, y de paso disminuir el n\u00famero de errores al eliminar la caligraf\u00eda dif\u00edcil de entender. <\/p>\n<p>El uso de lo que se conoce como &ldquo;recetas electr\u00f3nicas&rdquo; ha aumentado en los \u00faltimos a\u00f1os a nivel nacional. Muchos pacientes, m\u00e9dicos y farmaceutas encuentran la pr\u00e1ctica \u00fatil y ahorradora de tiempo. <\/p>\n<p>No obstante, \u00a0algunos l\u00edderes de la industria m\u00e9dica en Nueva York han expresado dudas sobre el requerimiento de recetas digitales para casi todas las situaciones e igualmente sobre las sanciones legales que incluyen posibles multas, la p\u00e9rdida de licencias o incluso prisi\u00f3n. <\/p>\n<p>\u00a0 <\/p>\n<p>\u00a0 <\/p>\n","protected":false},"excerpt":{"rendered":"<p>Nueva York pondr\u00e1 fin a la mayor\u00eda de las recetas <a href=\"https:\/\/sertv.gob.pa\/nacionalfm\/recetas-en-papel-no-seran-entregadas-por-medicos-de-nueva-york\/\"> [&#8230;]<\/a><\/p>\n","protected":false},"author":1,"featured_media":11575,"comment_status":"closed","ping_status":"closed","sticky":false,"template":"","format":"standard","meta":{"footnotes":""},"categories":[5],"tags":[],"class_list":["post-11574","post","type-post","status-publish","format-standard","has-post-thumbnail","hentry","category-salud"],"_links":{"self":[{"href":"https:\/\/sertv.gob.pa\/nacionalfm\/wp-json\/wp\/v2\/posts\/11574","targetHints":{"allow":["GET"]}}],"collection":[{"href":"https:\/\/sertv.gob.pa\/nacionalfm\/wp-json\/wp\/v2\/posts"}],"about":[{"href":"https:\/\/sertv.gob.pa\/nacionalfm\/wp-json\/wp\/v2\/types\/post"}],"author":[{"embeddable":true,"href":"https:\/\/sertv.gob.pa\/nacionalfm\/wp-json\/wp\/v2\/users\/1"}],"replies":[{"embeddable":true,"href":"https:\/\/sertv.gob.pa\/nacionalfm\/wp-json\/wp\/v2\/comments?post=11574"}],"version-history":[{"count":0,"href":"https:\/\/sertv.gob.pa\/nacionalfm\/wp-json\/wp\/v2\/posts\/11574\/revisions"}],"wp:featuredmedia":[{"embeddable":true,"href":"https:\/\/sertv.gob.pa\/nacionalfm\/wp-json\/wp\/v2\/media\/11575"}],"wp:attachment":[{"href":"https:\/\/sertv.gob.pa\/nacionalfm\/wp-json\/wp\/v2\/media?parent=11574"}],"wp:term":[{"taxonomy":"category","embeddable":true,"href":"https:\/\/sertv.gob.pa\/nacionalfm\/wp-json\/wp\/v2\/categories?post=11574"},{"taxonomy":"post_tag","embeddable":true,"href":"https:\/\/sertv.gob.pa\/nacionalfm\/wp-json\/wp\/v2\/tags?post=11574"}],"curies":[{"name":"wp","href":"https:\/\/api.w.org\/{rel}","templated":true}]}}