{"id":11578,"date":"2016-03-29T15:26:38","date_gmt":"2016-03-29T15:26:38","guid":{"rendered":""},"modified":"2016-03-29T15:26:38","modified_gmt":"2016-03-29T15:26:38","slug":"dientes-y-encias-sanos-mantienen-la-buena-salud-en-ninos","status":"publish","type":"post","link":"https:\/\/sertv.gob.pa\/nacionalfm\/dientes-y-encias-sanos-mantienen-la-buena-salud-en-ninos\/","title":{"rendered":"Dientes y enc\u00edas sanos mantienen la buena salud en ni\u00f1os"},"content":{"rendered":"<p>\nLos dientes y las enc\u00edas bien cuidados ayudan a ni\u00f1as y ni\u00f1os a mantener salud aceptable en general, destac\u00f3 la jefa del Servicio de Estomatolog\u00eda del Hospital Infantil de Sonora, M\u00e9xico (HIES), Lourdes Vega L\u00f3pez. <\/p>\n<p>Indic\u00f3 que cuando las y los menores de edad presentan caries, infecciones u otro tipo de enfermedad bucal, esto puede derivar en problemas de salud como deficiencias en la nutrici\u00f3n y en el desarrollo del lenguaje, dolor y baja autoestima. <\/p>\n<p>\u00abEs necesario lograr una correcta rutina de higiene bucal, y para ello es necesario acudir regularmente con el dentista, cepillarse los dientes despu\u00e9s de cada alimento y eliminar de la dieta alimentos con alto \u00edndice de az\u00facar\u00bb, destac\u00f3. <\/p>\n<p>Explic\u00f3 que el cuidado dental es un h\u00e1bito que debe desarrollarse desde la infancia para que perdure toda la vida, por lo que la atenci\u00f3n de los padres de familia en el tema es primordial a fin de lograr una buena salud bucal en sus hijos. <\/p>\n<p>\u00a0 <\/p>\n<p>\u00a0 <\/p>\n<p>\u00a0 <\/p>\n","protected":false},"excerpt":{"rendered":"<p>Los dientes y las enc\u00edas bien cuidados ayudan a ni\u00f1as <a href=\"https:\/\/sertv.gob.pa\/nacionalfm\/dientes-y-encias-sanos-mantienen-la-buena-salud-en-ninos\/\"> [&#8230;]<\/a><\/p>\n","protected":false},"author":1,"featured_media":11579,"comment_status":"closed","ping_status":"closed","sticky":false,"template":"","format":"standard","meta":{"footnotes":""},"categories":[5],"tags":[],"class_list":["post-11578","post","type-post","status-publish","format-standard","has-post-thumbnail","hentry","category-salud"],"_links":{"self":[{"href":"https:\/\/sertv.gob.pa\/nacionalfm\/wp-json\/wp\/v2\/posts\/11578","targetHints":{"allow":["GET"]}}],"collection":[{"href":"https:\/\/sertv.gob.pa\/nacionalfm\/wp-json\/wp\/v2\/posts"}],"about":[{"href":"https:\/\/sertv.gob.pa\/nacionalfm\/wp-json\/wp\/v2\/types\/post"}],"author":[{"embeddable":true,"href":"https:\/\/sertv.gob.pa\/nacionalfm\/wp-json\/wp\/v2\/users\/1"}],"replies":[{"embeddable":true,"href":"https:\/\/sertv.gob.pa\/nacionalfm\/wp-json\/wp\/v2\/comments?post=11578"}],"version-history":[{"count":0,"href":"https:\/\/sertv.gob.pa\/nacionalfm\/wp-json\/wp\/v2\/posts\/11578\/revisions"}],"wp:featuredmedia":[{"embeddable":true,"href":"https:\/\/sertv.gob.pa\/nacionalfm\/wp-json\/wp\/v2\/media\/11579"}],"wp:attachment":[{"href":"https:\/\/sertv.gob.pa\/nacionalfm\/wp-json\/wp\/v2\/media?parent=11578"}],"wp:term":[{"taxonomy":"category","embeddable":true,"href":"https:\/\/sertv.gob.pa\/nacionalfm\/wp-json\/wp\/v2\/categories?post=11578"},{"taxonomy":"post_tag","embeddable":true,"href":"https:\/\/sertv.gob.pa\/nacionalfm\/wp-json\/wp\/v2\/tags?post=11578"}],"curies":[{"name":"wp","href":"https:\/\/api.w.org\/{rel}","templated":true}]}}