{"id":11592,"date":"2016-03-29T21:05:57","date_gmt":"2016-03-29T21:05:57","guid":{"rendered":""},"modified":"2016-03-29T21:05:57","modified_gmt":"2016-03-29T21:05:57","slug":"panama-en-grupo-a-de-centrobasket","status":"publish","type":"post","link":"https:\/\/sertv.gob.pa\/nacionalfm\/panama-en-grupo-a-de-centrobasket\/","title":{"rendered":"Panam\u00e1 en Grupo A de CENTROBASKET"},"content":{"rendered":"<p>\nEn el d\u00eda de hoy se llev\u00f3 a cabo el sorteo del XXIV Centroam\u00e9rica y del Caribe de Baloncesto y Panam\u00e1 se ubic\u00f3 en el Grupo A, con Puerto Rico, Cuba, Antigua y Nicaragua. <\/p>\n<p>En el Grupo B quedaron M\u00e9xico, Rep\u00fablica Dominicana, Bahamas, Costa Rica e Islas V\u00edrgenes. <\/p>\n<p>El torneo se realizar\u00e1 en la ciudad de Panam\u00e1, espec\u00edficamente en la \u00a0Arena Roberto Dur\u00e1n desde el 20 al 26 de junio. <\/p>\n<p>Estuvieron presentes las siguientes autoridades; Luis Miguel Hicapi\u00e9, Vice-Canciller de la Rep\u00fablica de Panam\u00e1, Adolfo Tom\u00e1s Beby&rdquo; Valderrama Rodr\u00edguez, presidente de la Liga Paname\u00f1a de Baloncesto, Roberto &ldquo;Bob&rdquo; Arango, director del Instituto Paname\u00f1o de Deportes, Jair Peralta, presidente de la Federaci\u00f3n Paname\u00f1a de Baloncesto, Raiza Banfield, Vicealcaldesa del distrito de Panam\u00e1 y Roberto Brown, Director de Deportes de la Alcald\u00eda de Panam\u00e1, Alberto Garc\u00eda Director Ejecutivo de \u00a0FIBA Am\u00e9ricas, Javier Otero Director de Competiciones, William Rosario Director de Comunicaciones, Jos\u00e9 Mart\u00ednez de Relaciones P\u00fablicas y Federico L\u00f3pez, Editor Ejecutivo. <\/p>\n","protected":false},"excerpt":{"rendered":"<p>En el d\u00eda de hoy se llev\u00f3 a cabo el <a href=\"https:\/\/sertv.gob.pa\/nacionalfm\/panama-en-grupo-a-de-centrobasket\/\"> [&#8230;]<\/a><\/p>\n","protected":false},"author":1,"featured_media":11593,"comment_status":"closed","ping_status":"closed","sticky":false,"template":"","format":"standard","meta":{"footnotes":""},"categories":[4],"tags":[],"class_list":["post-11592","post","type-post","status-publish","format-standard","has-post-thumbnail","hentry","category-deportes"],"_links":{"self":[{"href":"https:\/\/sertv.gob.pa\/nacionalfm\/wp-json\/wp\/v2\/posts\/11592","targetHints":{"allow":["GET"]}}],"collection":[{"href":"https:\/\/sertv.gob.pa\/nacionalfm\/wp-json\/wp\/v2\/posts"}],"about":[{"href":"https:\/\/sertv.gob.pa\/nacionalfm\/wp-json\/wp\/v2\/types\/post"}],"author":[{"embeddable":true,"href":"https:\/\/sertv.gob.pa\/nacionalfm\/wp-json\/wp\/v2\/users\/1"}],"replies":[{"embeddable":true,"href":"https:\/\/sertv.gob.pa\/nacionalfm\/wp-json\/wp\/v2\/comments?post=11592"}],"version-history":[{"count":0,"href":"https:\/\/sertv.gob.pa\/nacionalfm\/wp-json\/wp\/v2\/posts\/11592\/revisions"}],"wp:featuredmedia":[{"embeddable":true,"href":"https:\/\/sertv.gob.pa\/nacionalfm\/wp-json\/wp\/v2\/media\/11593"}],"wp:attachment":[{"href":"https:\/\/sertv.gob.pa\/nacionalfm\/wp-json\/wp\/v2\/media?parent=11592"}],"wp:term":[{"taxonomy":"category","embeddable":true,"href":"https:\/\/sertv.gob.pa\/nacionalfm\/wp-json\/wp\/v2\/categories?post=11592"},{"taxonomy":"post_tag","embeddable":true,"href":"https:\/\/sertv.gob.pa\/nacionalfm\/wp-json\/wp\/v2\/tags?post=11592"}],"curies":[{"name":"wp","href":"https:\/\/api.w.org\/{rel}","templated":true}]}}