{"id":11604,"date":"2016-03-30T14:59:01","date_gmt":"2016-03-30T14:59:01","guid":{"rendered":""},"modified":"2016-03-30T14:59:01","modified_gmt":"2016-03-30T14:59:01","slug":"doce-nuevos-casos-de-virus-del-zika-son-detectados","status":"publish","type":"post","link":"https:\/\/sertv.gob.pa\/nacionalfm\/doce-nuevos-casos-de-virus-del-zika-son-detectados\/","title":{"rendered":"Doce nuevos casos de virus del zika son detectados"},"content":{"rendered":"<p>\nDoce nuevos casos de  virus del zika \u00a0fueron detectados en Panam\u00e1, dio a conocer el ministro de Salud, Francisco Javier Terrientes. \u00a0 <\/p>\n<p>De estos, 11 corresponden a la comarca  Guna Yala  y el otro en  San Miguelito . <\/p>\n<p>Con estas confirmaciones se eleva entonces a 168 la cifra total de personas con el virus\u00a0en el pa\u00eds. <\/p>\n<p>El ministro manifest\u00f3 que en estos nuevos casos no est\u00e1n incluidas embarazadas. A\u00f1adi\u00f3 que las dos mujeres en estado que tienen el virus se mantienen en un monitoreo constante. <\/p>\n<p>A su vez, el ministro reiter\u00f3 que se intensificar\u00e1n los operativos en todo el pa\u00eds\u00a0con el objetivo de eliminar los criaderos del mosquito  Aedes aegypti , responsable del virus del zika, dengue, chikungunya y fiebre amarilla. <\/p>\n<p>Terrientes volvi\u00f3 a hacer un llamado a la poblaci\u00f3n en general para que verifique que sus hogares est\u00e9n libres de criaderos del mosquito. <\/p>\n<p>\u00a0 <\/p>\n<p>\u00a0 <\/p>\n","protected":false},"excerpt":{"rendered":"<p>Doce nuevos casos de virus del zika \u00a0fueron detectados en <a href=\"https:\/\/sertv.gob.pa\/nacionalfm\/doce-nuevos-casos-de-virus-del-zika-son-detectados\/\"> [&#8230;]<\/a><\/p>\n","protected":false},"author":1,"featured_media":11605,"comment_status":"closed","ping_status":"closed","sticky":false,"template":"","format":"standard","meta":{"footnotes":""},"categories":[5],"tags":[],"class_list":["post-11604","post","type-post","status-publish","format-standard","has-post-thumbnail","hentry","category-salud"],"_links":{"self":[{"href":"https:\/\/sertv.gob.pa\/nacionalfm\/wp-json\/wp\/v2\/posts\/11604","targetHints":{"allow":["GET"]}}],"collection":[{"href":"https:\/\/sertv.gob.pa\/nacionalfm\/wp-json\/wp\/v2\/posts"}],"about":[{"href":"https:\/\/sertv.gob.pa\/nacionalfm\/wp-json\/wp\/v2\/types\/post"}],"author":[{"embeddable":true,"href":"https:\/\/sertv.gob.pa\/nacionalfm\/wp-json\/wp\/v2\/users\/1"}],"replies":[{"embeddable":true,"href":"https:\/\/sertv.gob.pa\/nacionalfm\/wp-json\/wp\/v2\/comments?post=11604"}],"version-history":[{"count":0,"href":"https:\/\/sertv.gob.pa\/nacionalfm\/wp-json\/wp\/v2\/posts\/11604\/revisions"}],"wp:featuredmedia":[{"embeddable":true,"href":"https:\/\/sertv.gob.pa\/nacionalfm\/wp-json\/wp\/v2\/media\/11605"}],"wp:attachment":[{"href":"https:\/\/sertv.gob.pa\/nacionalfm\/wp-json\/wp\/v2\/media?parent=11604"}],"wp:term":[{"taxonomy":"category","embeddable":true,"href":"https:\/\/sertv.gob.pa\/nacionalfm\/wp-json\/wp\/v2\/categories?post=11604"},{"taxonomy":"post_tag","embeddable":true,"href":"https:\/\/sertv.gob.pa\/nacionalfm\/wp-json\/wp\/v2\/tags?post=11604"}],"curies":[{"name":"wp","href":"https:\/\/api.w.org\/{rel}","templated":true}]}}