{"id":1161,"date":"2014-08-21T05:00:00","date_gmt":"2014-08-21T05:00:00","guid":{"rendered":""},"modified":"2014-08-21T05:00:00","modified_gmt":"2014-08-21T05:00:00","slug":"por-primera-vez-identifican-causa-genetica-de-lupus","status":"publish","type":"post","link":"https:\/\/sertv.gob.pa\/nacionalfm\/por-primera-vez-identifican-causa-genetica-de-lupus\/","title":{"rendered":"Por primera vez identifican causa gen\u00e9tica de lupus"},"content":{"rendered":"<p>\nCient\u00edficos australianos identificaron por primera vez en un individuo la causa gen\u00e9tica del lupus, un transtorno autoinmune, cr\u00f3nico y potencialmente fatal que afecta a uno de cada 700 ciudadanos del pa\u00eds oce\u00e1nico, informaron medios locales. <\/p>\n<p>La jefa del equipo de investigadores de la Universidad Nacional Australiana, Julia Ellyard, manifest\u00f3 que lograron determinar que la causa espec\u00edfica del lupus en una ni\u00f1a de diez a\u00f1os era el aumento de la producci\u00f3n de mol\u00e9culas interfer\u00f3n-alfa. <\/p>\n<p>Las causas gen\u00e9ticas como causa de esta enfermedad ya eran conocidas pero hasta ahora no se sab\u00eda qu\u00e9 desencadenaba el lupus y se cre\u00eda que, entre otras, pod\u00eda ser detonado por una lesi\u00f3n, una enfermedad o un per\u00edodo de estr\u00e9s. <\/p>\n<p>\u00abConfiamos que la ni\u00f1a pueda tener un tratamiento especializado con terapias anti-interfer\u00f3n, que est\u00e1n actualmente en la etapa de las pruebas cl\u00ednicas\u00bb, expres\u00f3 Ellyard a la cadena local ABC. <\/p>\n<p>El lupus es un trastorno que provoca que el sistema inmunol\u00f3gico del organismo cree anticuerpos para atacar a elementos sanos al considerar err\u00f3neamente como cuerpos extra\u00f1os invasores a c\u00e9lulas, tejidos y \u00f3rganos sanos. <\/p>\n<p>Este ataque inmunol\u00f3gico equivocado ocasiona inflamaci\u00f3n, dolor y lesiones en la sangre, los ri\u00f1ones, el sistema nervioso central y el coraz\u00f3n y en los casos m\u00e1s extremos puede llegar a causar la muerte del paciente. @nacionalFm <\/p>\n<p>\u00a0 <\/p>\n","protected":false},"excerpt":{"rendered":"<p>Cient\u00edficos australianos identificaron por primera vez en un individuo la <a href=\"https:\/\/sertv.gob.pa\/nacionalfm\/por-primera-vez-identifican-causa-genetica-de-lupus\/\"> [&#8230;]<\/a><\/p>\n","protected":false},"author":1,"featured_media":1162,"comment_status":"closed","ping_status":"closed","sticky":false,"template":"","format":"standard","meta":{"footnotes":""},"categories":[5],"tags":[],"class_list":["post-1161","post","type-post","status-publish","format-standard","has-post-thumbnail","hentry","category-salud"],"_links":{"self":[{"href":"https:\/\/sertv.gob.pa\/nacionalfm\/wp-json\/wp\/v2\/posts\/1161","targetHints":{"allow":["GET"]}}],"collection":[{"href":"https:\/\/sertv.gob.pa\/nacionalfm\/wp-json\/wp\/v2\/posts"}],"about":[{"href":"https:\/\/sertv.gob.pa\/nacionalfm\/wp-json\/wp\/v2\/types\/post"}],"author":[{"embeddable":true,"href":"https:\/\/sertv.gob.pa\/nacionalfm\/wp-json\/wp\/v2\/users\/1"}],"replies":[{"embeddable":true,"href":"https:\/\/sertv.gob.pa\/nacionalfm\/wp-json\/wp\/v2\/comments?post=1161"}],"version-history":[{"count":0,"href":"https:\/\/sertv.gob.pa\/nacionalfm\/wp-json\/wp\/v2\/posts\/1161\/revisions"}],"wp:featuredmedia":[{"embeddable":true,"href":"https:\/\/sertv.gob.pa\/nacionalfm\/wp-json\/wp\/v2\/media\/1162"}],"wp:attachment":[{"href":"https:\/\/sertv.gob.pa\/nacionalfm\/wp-json\/wp\/v2\/media?parent=1161"}],"wp:term":[{"taxonomy":"category","embeddable":true,"href":"https:\/\/sertv.gob.pa\/nacionalfm\/wp-json\/wp\/v2\/categories?post=1161"},{"taxonomy":"post_tag","embeddable":true,"href":"https:\/\/sertv.gob.pa\/nacionalfm\/wp-json\/wp\/v2\/tags?post=1161"}],"curies":[{"name":"wp","href":"https:\/\/api.w.org\/{rel}","templated":true}]}}