{"id":11626,"date":"2016-03-30T19:25:02","date_gmt":"2016-03-30T19:25:02","guid":{"rendered":""},"modified":"2016-03-30T19:25:02","modified_gmt":"2016-03-30T19:25:02","slug":"panama-clasifica-a-fase-final-al-vencer-a-el-once-de-haiti","status":"publish","type":"post","link":"https:\/\/sertv.gob.pa\/nacionalfm\/panama-clasifica-a-fase-final-al-vencer-a-el-once-de-haiti\/","title":{"rendered":"Panam\u00e1 clasifica a fase final al vencer a el once de Hait\u00ed"},"content":{"rendered":"<p>\nPanam\u00e1 clasific\u00f3 a la fase final de las eliminatorias de la CONCACAF para el Mundial de Rusia 2018, al ganar 1-0 a Hait\u00ed, al que deja casi sin opciones tras el partido disputado en el estadio Rommel Fern\u00e1ndez. <\/p>\n<p>El gol fue anotado por Felipe Baloy (80), en un partido donde los locales fueron de menos a m\u00e1s y los haitianos disputaron los \u00faltimos 20 minutos con un jugador menos por expulsi\u00f3n de R\u00e9ginal Goreux, en la cuarta jornada de la cuarta fase del clasificatorio de la CONCACAF. <\/p>\n<p>Al minuto 80 Felipe Baloy marc\u00f3 el gol de la vitoria tras un remate en un saque de esquina, para la algarab\u00eda de los fan\u00e1ticos locales. <\/p>\n<p>\u00a0 <\/p>\n<p>\u00a0 <\/p>\n","protected":false},"excerpt":{"rendered":"<p>Panam\u00e1 clasific\u00f3 a la fase final de las eliminatorias de <a href=\"https:\/\/sertv.gob.pa\/nacionalfm\/panama-clasifica-a-fase-final-al-vencer-a-el-once-de-haiti\/\"> [&#8230;]<\/a><\/p>\n","protected":false},"author":1,"featured_media":11627,"comment_status":"closed","ping_status":"closed","sticky":false,"template":"","format":"standard","meta":{"footnotes":""},"categories":[4],"tags":[],"class_list":["post-11626","post","type-post","status-publish","format-standard","has-post-thumbnail","hentry","category-deportes"],"_links":{"self":[{"href":"https:\/\/sertv.gob.pa\/nacionalfm\/wp-json\/wp\/v2\/posts\/11626","targetHints":{"allow":["GET"]}}],"collection":[{"href":"https:\/\/sertv.gob.pa\/nacionalfm\/wp-json\/wp\/v2\/posts"}],"about":[{"href":"https:\/\/sertv.gob.pa\/nacionalfm\/wp-json\/wp\/v2\/types\/post"}],"author":[{"embeddable":true,"href":"https:\/\/sertv.gob.pa\/nacionalfm\/wp-json\/wp\/v2\/users\/1"}],"replies":[{"embeddable":true,"href":"https:\/\/sertv.gob.pa\/nacionalfm\/wp-json\/wp\/v2\/comments?post=11626"}],"version-history":[{"count":0,"href":"https:\/\/sertv.gob.pa\/nacionalfm\/wp-json\/wp\/v2\/posts\/11626\/revisions"}],"wp:featuredmedia":[{"embeddable":true,"href":"https:\/\/sertv.gob.pa\/nacionalfm\/wp-json\/wp\/v2\/media\/11627"}],"wp:attachment":[{"href":"https:\/\/sertv.gob.pa\/nacionalfm\/wp-json\/wp\/v2\/media?parent=11626"}],"wp:term":[{"taxonomy":"category","embeddable":true,"href":"https:\/\/sertv.gob.pa\/nacionalfm\/wp-json\/wp\/v2\/categories?post=11626"},{"taxonomy":"post_tag","embeddable":true,"href":"https:\/\/sertv.gob.pa\/nacionalfm\/wp-json\/wp\/v2\/tags?post=11626"}],"curies":[{"name":"wp","href":"https:\/\/api.w.org\/{rel}","templated":true}]}}