{"id":11628,"date":"2016-03-30T19:41:12","date_gmt":"2016-03-30T19:41:12","guid":{"rendered":""},"modified":"2016-03-30T19:41:12","modified_gmt":"2016-03-30T19:41:12","slug":"carolena-carstens-entrena-para-panamericano-de-mexico","status":"publish","type":"post","link":"https:\/\/sertv.gob.pa\/nacionalfm\/carolena-carstens-entrena-para-panamericano-de-mexico\/","title":{"rendered":"Carolena Carstens entrena para PANAMERICANO de M\u00e9xico"},"content":{"rendered":"<p>\n El presidente de la Federaci\u00f3n Paname\u00f1a de Taekwondo, Boris \u00c1lvarez inform\u00f3 que la paname\u00f1a Carolena Carstens clasificada en el taekwondo de R\u00edo 2016, entrena a todo ritmo para el Panamericano de Monterrey, M\u00e9xico en el mes de junio, en una de las \u00faltimas competencias de la atleta antes de la justa ol\u00edmpica.  <\/p>\n<p> El dirigente manifest\u00f3 que Carolena Carstens contin\u00faa en Mallorca, Espa\u00f1a prepar\u00e1ndose con su entrenador el espa\u00f1ol Juan Antonio Ramos, que es parte fundamental de su preparaci\u00f3n de cara a los Juegos Ol\u00edmpicos.  <\/p>\n<p> Junto a Mart\u00edn Petterson miembro del equipo de entrenadores, \u00c1lvarez especific\u00f3 que la federaci\u00f3n le seguir\u00e1 dado seguimiento y apoyo constante tanto econ\u00f3mico, log\u00edstico y de acondicionamiento a la atleta para que est\u00e9 en plena forma para R\u00edo 2016.  <\/p>\n","protected":false},"excerpt":{"rendered":"<p>El presidente de la Federaci\u00f3n Paname\u00f1a de Taekwondo, Boris \u00c1lvarez <a href=\"https:\/\/sertv.gob.pa\/nacionalfm\/carolena-carstens-entrena-para-panamericano-de-mexico\/\"> [&#8230;]<\/a><\/p>\n","protected":false},"author":1,"featured_media":11629,"comment_status":"closed","ping_status":"closed","sticky":false,"template":"","format":"standard","meta":{"footnotes":""},"categories":[4],"tags":[],"class_list":["post-11628","post","type-post","status-publish","format-standard","has-post-thumbnail","hentry","category-deportes"],"_links":{"self":[{"href":"https:\/\/sertv.gob.pa\/nacionalfm\/wp-json\/wp\/v2\/posts\/11628","targetHints":{"allow":["GET"]}}],"collection":[{"href":"https:\/\/sertv.gob.pa\/nacionalfm\/wp-json\/wp\/v2\/posts"}],"about":[{"href":"https:\/\/sertv.gob.pa\/nacionalfm\/wp-json\/wp\/v2\/types\/post"}],"author":[{"embeddable":true,"href":"https:\/\/sertv.gob.pa\/nacionalfm\/wp-json\/wp\/v2\/users\/1"}],"replies":[{"embeddable":true,"href":"https:\/\/sertv.gob.pa\/nacionalfm\/wp-json\/wp\/v2\/comments?post=11628"}],"version-history":[{"count":0,"href":"https:\/\/sertv.gob.pa\/nacionalfm\/wp-json\/wp\/v2\/posts\/11628\/revisions"}],"wp:featuredmedia":[{"embeddable":true,"href":"https:\/\/sertv.gob.pa\/nacionalfm\/wp-json\/wp\/v2\/media\/11629"}],"wp:attachment":[{"href":"https:\/\/sertv.gob.pa\/nacionalfm\/wp-json\/wp\/v2\/media?parent=11628"}],"wp:term":[{"taxonomy":"category","embeddable":true,"href":"https:\/\/sertv.gob.pa\/nacionalfm\/wp-json\/wp\/v2\/categories?post=11628"},{"taxonomy":"post_tag","embeddable":true,"href":"https:\/\/sertv.gob.pa\/nacionalfm\/wp-json\/wp\/v2\/tags?post=11628"}],"curies":[{"name":"wp","href":"https:\/\/api.w.org\/{rel}","templated":true}]}}