{"id":11632,"date":"2016-03-30T20:28:44","date_gmt":"2016-03-30T20:28:44","guid":{"rendered":""},"modified":"2016-03-30T20:28:44","modified_gmt":"2016-03-30T20:28:44","slug":"partidos-para-hoy-y-manana-en-el-calvin-byron-seran-gratuitos","status":"publish","type":"post","link":"https:\/\/sertv.gob.pa\/nacionalfm\/partidos-para-hoy-y-manana-en-el-calvin-byron-seran-gratuitos\/","title":{"rendered":"Partidos para hoy y ma\u00f1ana en el Calvin Byron ser\u00e1n gratuitos"},"content":{"rendered":"<p>\nLa Junta Directiva de la Federaci\u00f3n Paname\u00f1a de B\u00e9isbol (FEDEBEIS) inform\u00f3 que las entradas a los partidos entre las novenas de Veraguas y Bocas del Toro, programados para celebrarse en el estadio Calvin Byron, los d\u00edas mi\u00e9rcoles 30 y jueves 31 de marzo, ser\u00e1n gratis. <\/p>\n<p>Para la serie entre los equipos de Chiriqu\u00ed y Bocas del Toro, a realizarse el s\u00e1bado 2 y domingo 3 de abril, en el estadio Calvin Byron, mantendr\u00e1n los precios normales en General, B\/.3.00; y ni\u00f1os y jubilados a 1.50. Una vez concluya esta \u00faltima serie, el estadio ser\u00e1 objeto de su remodelaci\u00f3n, esper\u00e1ndose que reabra sus puertas para la temporada de 2019.\u00a0 <\/p>\n","protected":false},"excerpt":{"rendered":"<p>La Junta Directiva de la Federaci\u00f3n Paname\u00f1a de B\u00e9isbol (FEDEBEIS) <a href=\"https:\/\/sertv.gob.pa\/nacionalfm\/partidos-para-hoy-y-manana-en-el-calvin-byron-seran-gratuitos\/\"> [&#8230;]<\/a><\/p>\n","protected":false},"author":1,"featured_media":11633,"comment_status":"closed","ping_status":"closed","sticky":false,"template":"","format":"standard","meta":{"footnotes":""},"categories":[4],"tags":[],"class_list":["post-11632","post","type-post","status-publish","format-standard","has-post-thumbnail","hentry","category-deportes"],"_links":{"self":[{"href":"https:\/\/sertv.gob.pa\/nacionalfm\/wp-json\/wp\/v2\/posts\/11632","targetHints":{"allow":["GET"]}}],"collection":[{"href":"https:\/\/sertv.gob.pa\/nacionalfm\/wp-json\/wp\/v2\/posts"}],"about":[{"href":"https:\/\/sertv.gob.pa\/nacionalfm\/wp-json\/wp\/v2\/types\/post"}],"author":[{"embeddable":true,"href":"https:\/\/sertv.gob.pa\/nacionalfm\/wp-json\/wp\/v2\/users\/1"}],"replies":[{"embeddable":true,"href":"https:\/\/sertv.gob.pa\/nacionalfm\/wp-json\/wp\/v2\/comments?post=11632"}],"version-history":[{"count":0,"href":"https:\/\/sertv.gob.pa\/nacionalfm\/wp-json\/wp\/v2\/posts\/11632\/revisions"}],"wp:featuredmedia":[{"embeddable":true,"href":"https:\/\/sertv.gob.pa\/nacionalfm\/wp-json\/wp\/v2\/media\/11633"}],"wp:attachment":[{"href":"https:\/\/sertv.gob.pa\/nacionalfm\/wp-json\/wp\/v2\/media?parent=11632"}],"wp:term":[{"taxonomy":"category","embeddable":true,"href":"https:\/\/sertv.gob.pa\/nacionalfm\/wp-json\/wp\/v2\/categories?post=11632"},{"taxonomy":"post_tag","embeddable":true,"href":"https:\/\/sertv.gob.pa\/nacionalfm\/wp-json\/wp\/v2\/tags?post=11632"}],"curies":[{"name":"wp","href":"https:\/\/api.w.org\/{rel}","templated":true}]}}