{"id":11672,"date":"2016-04-01T14:41:22","date_gmt":"2016-04-01T14:41:22","guid":{"rendered":""},"modified":"2016-04-01T14:41:22","modified_gmt":"2016-04-01T14:41:22","slug":"en-lo-que-va-del-ano-se-reportan-338-casos-de-dengue","status":"publish","type":"post","link":"https:\/\/sertv.gob.pa\/nacionalfm\/en-lo-que-va-del-ano-se-reportan-338-casos-de-dengue\/","title":{"rendered":"En lo que va del a\u00f1o se reportan 338 casos de dengue"},"content":{"rendered":"<p>\nEn lo que va del a\u00f1o se tiene el registro de 338 casos de  dengue \u00a0en todo el pa\u00eds, dio a conocer el ministro de Salud, Francisco Javier Terrientes. \u00a0 <\/p>\n<p>Sobre los casos de virus zika, el funcionario dijo que el n\u00famero de casos es de 168. En tanto que del virus chikungunya hay 8 casos. <\/p>\n<p>Terrientes agreg\u00f3 que, si bien estas cifras son bajas en relaci\u00f3n a la de pa\u00edses hermanos, no hay que bajar la guardia. \u00a0 <\/p>\n<p>Terrientes expres\u00f3 que se hacen visitas &ldquo;casa por casa&rdquo; para explicarle a la ciudadan\u00eda cu\u00e1l es la realidad sobre este mosquito. De no seguir las recomendaciones, habr\u00e1 sanciones &ldquo;en\u00e9rgicas&rdquo;, subray\u00f3. \u00a0Las personas con criaderos de mosquito pueden enfrentar multas que llegan hasta los $100 mil. <\/p>\n<p>\u00a0 <\/p>\n","protected":false},"excerpt":{"rendered":"<p>En lo que va del a\u00f1o se tiene el registro <a href=\"https:\/\/sertv.gob.pa\/nacionalfm\/en-lo-que-va-del-ano-se-reportan-338-casos-de-dengue\/\"> [&#8230;]<\/a><\/p>\n","protected":false},"author":1,"featured_media":11673,"comment_status":"closed","ping_status":"closed","sticky":false,"template":"","format":"standard","meta":{"footnotes":""},"categories":[5],"tags":[],"class_list":["post-11672","post","type-post","status-publish","format-standard","has-post-thumbnail","hentry","category-salud"],"_links":{"self":[{"href":"https:\/\/sertv.gob.pa\/nacionalfm\/wp-json\/wp\/v2\/posts\/11672","targetHints":{"allow":["GET"]}}],"collection":[{"href":"https:\/\/sertv.gob.pa\/nacionalfm\/wp-json\/wp\/v2\/posts"}],"about":[{"href":"https:\/\/sertv.gob.pa\/nacionalfm\/wp-json\/wp\/v2\/types\/post"}],"author":[{"embeddable":true,"href":"https:\/\/sertv.gob.pa\/nacionalfm\/wp-json\/wp\/v2\/users\/1"}],"replies":[{"embeddable":true,"href":"https:\/\/sertv.gob.pa\/nacionalfm\/wp-json\/wp\/v2\/comments?post=11672"}],"version-history":[{"count":0,"href":"https:\/\/sertv.gob.pa\/nacionalfm\/wp-json\/wp\/v2\/posts\/11672\/revisions"}],"wp:featuredmedia":[{"embeddable":true,"href":"https:\/\/sertv.gob.pa\/nacionalfm\/wp-json\/wp\/v2\/media\/11673"}],"wp:attachment":[{"href":"https:\/\/sertv.gob.pa\/nacionalfm\/wp-json\/wp\/v2\/media?parent=11672"}],"wp:term":[{"taxonomy":"category","embeddable":true,"href":"https:\/\/sertv.gob.pa\/nacionalfm\/wp-json\/wp\/v2\/categories?post=11672"},{"taxonomy":"post_tag","embeddable":true,"href":"https:\/\/sertv.gob.pa\/nacionalfm\/wp-json\/wp\/v2\/tags?post=11672"}],"curies":[{"name":"wp","href":"https:\/\/api.w.org\/{rel}","templated":true}]}}