{"id":117,"date":"2014-07-05T05:00:00","date_gmt":"2014-07-05T05:00:00","guid":{"rendered":""},"modified":"2014-07-05T05:00:00","modified_gmt":"2014-07-05T05:00:00","slug":"oms-no-debe-acabar-con-los-cigarrillos-electronicos","status":"publish","type":"post","link":"https:\/\/sertv.gob.pa\/nacionalfm\/oms-no-debe-acabar-con-los-cigarrillos-electronicos\/","title":{"rendered":"OMS no debe acabar con los cigarrillos electr\u00f3nicos"},"content":{"rendered":"<p>\nCient\u00edficos de 15 pa\u00edses apelaron esta semana ante la Organizaci\u00f3n Mundial de la Salud (OMS) para que reconsidere su intenci\u00f3n de clasificar los cigarrillos electr\u00f3nicos igual que los cigarrillos regulares.\u00a0 <\/p>\n<p>De acuerdo a los estudiosos con esta clasificaci\u00f3n se corre el peligro de perder una oportunidad de disminuir dr\u00e1sticamente el tabaquismo y la enfermedad y muertes asociados al mismo.\u00a0 <\/p>\n<p>\u00abQue la OMS sugiriera que los cigarrillos electr\u00f3nicos son tan riesgosos como otros productos del tabaco enviar\u00eda un mensaje err\u00f3neo y sombr\u00edo a los millones de actuales usuarios de cigarrillos electr\u00f3nicos quienes los han utilizado para dejar de fumar\u00bb, expres\u00f3 Robert West, quienes es profesor de Psicolog\u00eda de la Salud y Director de Estudios del Tabaco en University College en Londres. <\/p>\n<p>\u00abEl uso de cigarrillos electr\u00f3nicos ha sido una revoluci\u00f3n liderada por los consumidores y ha crecido como una iniciativa de salud p\u00fablica de abajo hacia arriba que podr\u00eda salvar millones de vidas\u00bb, indic\u00f3 John Britton, profesor de Epidemiolog\u00eda en University of Nottingham en el Reino Unido. <\/p>\n<p>Todos los cient\u00edficos coinciden en que los productos que reducen el da\u00f1o del tabaco podr\u00edan desempe\u00f1ar un papel importante en el cumplimiento de \u00a0los objetivos de la ONU para el a\u00f1o 2025 de disminuir las enfermedades no transmisibles.\u00a0 @nacionalFm <\/p>\n<p>\u00a0 <\/p>\n","protected":false},"excerpt":{"rendered":"<p>Cient\u00edficos de 15 pa\u00edses apelaron esta semana ante la Organizaci\u00f3n <a href=\"https:\/\/sertv.gob.pa\/nacionalfm\/oms-no-debe-acabar-con-los-cigarrillos-electronicos\/\"> [&#8230;]<\/a><\/p>\n","protected":false},"author":1,"featured_media":118,"comment_status":"closed","ping_status":"closed","sticky":false,"template":"","format":"standard","meta":{"footnotes":""},"categories":[5],"tags":[],"class_list":["post-117","post","type-post","status-publish","format-standard","has-post-thumbnail","hentry","category-salud"],"_links":{"self":[{"href":"https:\/\/sertv.gob.pa\/nacionalfm\/wp-json\/wp\/v2\/posts\/117","targetHints":{"allow":["GET"]}}],"collection":[{"href":"https:\/\/sertv.gob.pa\/nacionalfm\/wp-json\/wp\/v2\/posts"}],"about":[{"href":"https:\/\/sertv.gob.pa\/nacionalfm\/wp-json\/wp\/v2\/types\/post"}],"author":[{"embeddable":true,"href":"https:\/\/sertv.gob.pa\/nacionalfm\/wp-json\/wp\/v2\/users\/1"}],"replies":[{"embeddable":true,"href":"https:\/\/sertv.gob.pa\/nacionalfm\/wp-json\/wp\/v2\/comments?post=117"}],"version-history":[{"count":0,"href":"https:\/\/sertv.gob.pa\/nacionalfm\/wp-json\/wp\/v2\/posts\/117\/revisions"}],"wp:featuredmedia":[{"embeddable":true,"href":"https:\/\/sertv.gob.pa\/nacionalfm\/wp-json\/wp\/v2\/media\/118"}],"wp:attachment":[{"href":"https:\/\/sertv.gob.pa\/nacionalfm\/wp-json\/wp\/v2\/media?parent=117"}],"wp:term":[{"taxonomy":"category","embeddable":true,"href":"https:\/\/sertv.gob.pa\/nacionalfm\/wp-json\/wp\/v2\/categories?post=117"},{"taxonomy":"post_tag","embeddable":true,"href":"https:\/\/sertv.gob.pa\/nacionalfm\/wp-json\/wp\/v2\/tags?post=117"}],"curies":[{"name":"wp","href":"https:\/\/api.w.org\/{rel}","templated":true}]}}