{"id":11706,"date":"2016-04-04T15:13:32","date_gmt":"2016-04-04T15:13:32","guid":{"rendered":""},"modified":"2016-04-04T15:13:32","modified_gmt":"2016-04-04T15:13:32","slug":"ex-boxeador-santeno-cambia-guantes-por-profesorado","status":"publish","type":"post","link":"https:\/\/sertv.gob.pa\/nacionalfm\/ex-boxeador-santeno-cambia-guantes-por-profesorado\/","title":{"rendered":"Ex boxeador sante\u00f1o cambia guantes por profesorado"},"content":{"rendered":"<p>\nAlexander Alonso ex p\u00fagil de la provincia de Los Santos, quien en su vida box\u00edstica profesional no logr\u00f3 sus objetivos debido a la falta de apoyo, pero el pasado 1 de abril logr\u00f3 su tercer t\u00edtulo acad\u00e9mico al culminar sus estudios de profesor de Educaci\u00f3n F\u00edsica en el Centro Regional de Los Santos de la Universidad de Panam\u00e1. <\/p>\n<p>Alonso fue campe\u00f3n nacional Guantes de Oro el mismo a\u00f1o que por primera vez la provincia de Los Santos lograba el primer campeonato nacional en estos torneos. <\/p>\n<p>En el boxeo profesional no pudo progresar dentro del boxeo, como sucede con muchos boxeadores de provincias centrales, Bocas del Toro y Chiriqu\u00ed, en la cual se enfrent\u00f3 \u00a0a los mejores p\u00fagiles del patio, como Ren\u00e1n &ldquo;Bam Bam&rdquo; Acosta, Ramiro Lara dividiendo honores en cuatro ocasiones, el difunto Jos\u00e9 &ldquo;Maco&rdquo; Arboleda, Jos\u00e9 &ldquo;El Indio&rdquo; Miranda con quien empat\u00f3, Roinnet &ldquo;El Mus&rdquo; Caballero a quien le hab\u00eda ganado en el amateurismo el campeonato nacional Guantes de Oro, y a Antonio &ldquo;El Gordo Fern\u00e1ndez. <\/p>\n<p>En el 2005 fue galardonado con la pelea preliminar del a\u00f1o al vencer por K.O.T. en cinco asaltos en el Gimnasio Auditorio de Las Tablas, al capitalino Carlos Loaiza, con quien dividi\u00f3 honores en cuatro combates sostenidos. <\/p>\n<p>A nivel internacional combati\u00f3 con el puertorrique\u00f1o Jonathan Oquendo con quien perdi\u00f3 por decisi\u00f3n y con los ex campeones mundiales Nehomar Cerme\u00f1o de Venezuela y al jamaiquino Nicholas Walter por K.O.T. ya en las postrimer\u00edas de sus carreras, al retirarse logr\u00f3 un r\u00e9cord de 7 victorias, 18 derrotas y 1 empate. <\/p>\n<p>En la actualidad funge como entrenador de boxeo en Las Tablas, nombrado por PANDEPORTES, en \u00a0 este rol ya ha tenido logros como campeones en la Cuna de Campeones con Ronald Batista, y en los Juegos Nacionales Juveniles, y como entrenador ha representado a Panam\u00e1 en Costa Rica y Nicaragua.  <\/p>\n<p>Alonso espera ahora si, acad\u00e9micamente, lograr el apoyo para seguir en busca de la maestr\u00eda que inicia en el mes de mayo. <\/p>\n","protected":false},"excerpt":{"rendered":"<p>Alexander Alonso ex p\u00fagil de la provincia de Los Santos, <a href=\"https:\/\/sertv.gob.pa\/nacionalfm\/ex-boxeador-santeno-cambia-guantes-por-profesorado\/\"> [&#8230;]<\/a><\/p>\n","protected":false},"author":1,"featured_media":11707,"comment_status":"closed","ping_status":"closed","sticky":false,"template":"","format":"standard","meta":{"footnotes":""},"categories":[4],"tags":[],"class_list":["post-11706","post","type-post","status-publish","format-standard","has-post-thumbnail","hentry","category-deportes"],"_links":{"self":[{"href":"https:\/\/sertv.gob.pa\/nacionalfm\/wp-json\/wp\/v2\/posts\/11706","targetHints":{"allow":["GET"]}}],"collection":[{"href":"https:\/\/sertv.gob.pa\/nacionalfm\/wp-json\/wp\/v2\/posts"}],"about":[{"href":"https:\/\/sertv.gob.pa\/nacionalfm\/wp-json\/wp\/v2\/types\/post"}],"author":[{"embeddable":true,"href":"https:\/\/sertv.gob.pa\/nacionalfm\/wp-json\/wp\/v2\/users\/1"}],"replies":[{"embeddable":true,"href":"https:\/\/sertv.gob.pa\/nacionalfm\/wp-json\/wp\/v2\/comments?post=11706"}],"version-history":[{"count":0,"href":"https:\/\/sertv.gob.pa\/nacionalfm\/wp-json\/wp\/v2\/posts\/11706\/revisions"}],"wp:featuredmedia":[{"embeddable":true,"href":"https:\/\/sertv.gob.pa\/nacionalfm\/wp-json\/wp\/v2\/media\/11707"}],"wp:attachment":[{"href":"https:\/\/sertv.gob.pa\/nacionalfm\/wp-json\/wp\/v2\/media?parent=11706"}],"wp:term":[{"taxonomy":"category","embeddable":true,"href":"https:\/\/sertv.gob.pa\/nacionalfm\/wp-json\/wp\/v2\/categories?post=11706"},{"taxonomy":"post_tag","embeddable":true,"href":"https:\/\/sertv.gob.pa\/nacionalfm\/wp-json\/wp\/v2\/tags?post=11706"}],"curies":[{"name":"wp","href":"https:\/\/api.w.org\/{rel}","templated":true}]}}