{"id":11708,"date":"2016-04-04T15:19:40","date_gmt":"2016-04-04T15:19:40","guid":{"rendered":""},"modified":"2016-04-04T15:19:40","modified_gmt":"2016-04-04T15:19:40","slug":"casos-de-zika-dengue-y-chikungunya-en-aumento","status":"publish","type":"post","link":"https:\/\/sertv.gob.pa\/nacionalfm\/casos-de-zika-dengue-y-chikungunya-en-aumento\/","title":{"rendered":"Casos de zika, dengue y chikungunya en aumento"},"content":{"rendered":"<p>\nSeg\u00fan el  Ministerio de Salud (Minsa) , los casos del virus\u00a0 zika \u00a0en Panam\u00e1 aumentaron a 188, adem\u00e1s de 339 personas con dengue y 8 casos de chikungunya, las tres enfermedades transmitidas por el mosquito  Aedes aegypti . <\/p>\n<p>Los  20 nuevos casos  de zika confirmados a la fecha se hallan en San Miguelito, Panam\u00e1 Oeste, Panam\u00e1 metro, Los Santos, Panam\u00e1 norte y la comarca Guna Yala. <\/p>\n<p>En el marco de la celebraci\u00f3n del D\u00eda Emblem\u00e1tico contra el  Aedes aegypti,  autoridades del Minsa y la Autoridad de Aseo Urbano Domiciliario desarrollaron\u00a0un operativo este domingo 3 de abril para eliminar criaderos de mosquitos. <\/p>\n<p>La actividad, que empez\u00f3 en el sector de Filipillo, en Panam\u00e1 metro, continu\u00f3 en unos 40 sectores de 15 regiones como Col\u00f3n, Dari\u00e9n, Los Santos, Cocl\u00e9, entre otras. <\/p>\n<p>\u00a0 <\/p>\n","protected":false},"excerpt":{"rendered":"<p>Seg\u00fan el Ministerio de Salud (Minsa) , los casos del <a href=\"https:\/\/sertv.gob.pa\/nacionalfm\/casos-de-zika-dengue-y-chikungunya-en-aumento\/\"> [&#8230;]<\/a><\/p>\n","protected":false},"author":1,"featured_media":11709,"comment_status":"closed","ping_status":"closed","sticky":false,"template":"","format":"standard","meta":{"footnotes":""},"categories":[5],"tags":[],"class_list":["post-11708","post","type-post","status-publish","format-standard","has-post-thumbnail","hentry","category-salud"],"_links":{"self":[{"href":"https:\/\/sertv.gob.pa\/nacionalfm\/wp-json\/wp\/v2\/posts\/11708","targetHints":{"allow":["GET"]}}],"collection":[{"href":"https:\/\/sertv.gob.pa\/nacionalfm\/wp-json\/wp\/v2\/posts"}],"about":[{"href":"https:\/\/sertv.gob.pa\/nacionalfm\/wp-json\/wp\/v2\/types\/post"}],"author":[{"embeddable":true,"href":"https:\/\/sertv.gob.pa\/nacionalfm\/wp-json\/wp\/v2\/users\/1"}],"replies":[{"embeddable":true,"href":"https:\/\/sertv.gob.pa\/nacionalfm\/wp-json\/wp\/v2\/comments?post=11708"}],"version-history":[{"count":0,"href":"https:\/\/sertv.gob.pa\/nacionalfm\/wp-json\/wp\/v2\/posts\/11708\/revisions"}],"wp:featuredmedia":[{"embeddable":true,"href":"https:\/\/sertv.gob.pa\/nacionalfm\/wp-json\/wp\/v2\/media\/11709"}],"wp:attachment":[{"href":"https:\/\/sertv.gob.pa\/nacionalfm\/wp-json\/wp\/v2\/media?parent=11708"}],"wp:term":[{"taxonomy":"category","embeddable":true,"href":"https:\/\/sertv.gob.pa\/nacionalfm\/wp-json\/wp\/v2\/categories?post=11708"},{"taxonomy":"post_tag","embeddable":true,"href":"https:\/\/sertv.gob.pa\/nacionalfm\/wp-json\/wp\/v2\/tags?post=11708"}],"curies":[{"name":"wp","href":"https:\/\/api.w.org\/{rel}","templated":true}]}}