{"id":11716,"date":"2016-04-04T17:54:36","date_gmt":"2016-04-04T17:54:36","guid":{"rendered":""},"modified":"2016-04-04T17:54:36","modified_gmt":"2016-04-04T17:54:36","slug":"emperador-renteria-se-mide-al-hijo-de-dios-omir-rodriguez","status":"publish","type":"post","link":"https:\/\/sertv.gob.pa\/nacionalfm\/emperador-renteria-se-mide-al-hijo-de-dios-omir-rodriguez\/","title":{"rendered":"\u201cEmperador\u201d Renter\u00eda se mide \u201cAl Hijo de Dios\u201d Omir Rodr\u00edguez"},"content":{"rendered":"<p>\nJohn &ldquo;El Emperador&rdquo; Renter\u00eda se mide en combate titular FEDECENTRO de la Asociaci\u00f3n Mundial de Boxeo ante el colonense Omir Rodr\u00edguez, en combate estelar que presenta G&#038;V Entertaintment que preside Diego Victoria. <\/p>\n<p>La coestelar estar\u00e1 a cargo de los aguerridos p\u00fagiles Humberto &ldquo;El Chino&rdquo; Pe\u00f1a de la ciudad capital y el chiricano Israel Hidrogo. <\/p>\n<p>El mi\u00e9rcoles 6 de abril se llevar\u00e1 a cabo una conferencia de prensa a las 10 de la ma\u00f1ana en el Restaurante Giorgio\u00b4s, ubicado atr\u00e1s de la gasolinera Puma en la Avenida Ricardo J. Alfaro, para brindar mayores detalles de la cartelera denominada &ldquo;Thursday Boxing Night&rdquo;. <\/p>\n","protected":false},"excerpt":{"rendered":"<p>John &ldquo;El Emperador&rdquo; Renter\u00eda se mide en combate titular FEDECENTRO <a href=\"https:\/\/sertv.gob.pa\/nacionalfm\/emperador-renteria-se-mide-al-hijo-de-dios-omir-rodriguez\/\"> [&#8230;]<\/a><\/p>\n","protected":false},"author":1,"featured_media":11717,"comment_status":"closed","ping_status":"closed","sticky":false,"template":"","format":"standard","meta":{"footnotes":""},"categories":[4],"tags":[],"class_list":["post-11716","post","type-post","status-publish","format-standard","has-post-thumbnail","hentry","category-deportes"],"_links":{"self":[{"href":"https:\/\/sertv.gob.pa\/nacionalfm\/wp-json\/wp\/v2\/posts\/11716","targetHints":{"allow":["GET"]}}],"collection":[{"href":"https:\/\/sertv.gob.pa\/nacionalfm\/wp-json\/wp\/v2\/posts"}],"about":[{"href":"https:\/\/sertv.gob.pa\/nacionalfm\/wp-json\/wp\/v2\/types\/post"}],"author":[{"embeddable":true,"href":"https:\/\/sertv.gob.pa\/nacionalfm\/wp-json\/wp\/v2\/users\/1"}],"replies":[{"embeddable":true,"href":"https:\/\/sertv.gob.pa\/nacionalfm\/wp-json\/wp\/v2\/comments?post=11716"}],"version-history":[{"count":0,"href":"https:\/\/sertv.gob.pa\/nacionalfm\/wp-json\/wp\/v2\/posts\/11716\/revisions"}],"wp:featuredmedia":[{"embeddable":true,"href":"https:\/\/sertv.gob.pa\/nacionalfm\/wp-json\/wp\/v2\/media\/11717"}],"wp:attachment":[{"href":"https:\/\/sertv.gob.pa\/nacionalfm\/wp-json\/wp\/v2\/media?parent=11716"}],"wp:term":[{"taxonomy":"category","embeddable":true,"href":"https:\/\/sertv.gob.pa\/nacionalfm\/wp-json\/wp\/v2\/categories?post=11716"},{"taxonomy":"post_tag","embeddable":true,"href":"https:\/\/sertv.gob.pa\/nacionalfm\/wp-json\/wp\/v2\/tags?post=11716"}],"curies":[{"name":"wp","href":"https:\/\/api.w.org\/{rel}","templated":true}]}}