{"id":11744,"date":"2016-04-05T15:17:27","date_gmt":"2016-04-05T15:17:27","guid":{"rendered":""},"modified":"2016-04-05T15:17:27","modified_gmt":"2016-04-05T15:17:27","slug":"el-cambio-climatico-incrementa-las-enfermedades","status":"publish","type":"post","link":"https:\/\/sertv.gob.pa\/nacionalfm\/el-cambio-climatico-incrementa-las-enfermedades\/","title":{"rendered":"El cambio clim\u00e1tico incrementa las enfermedades"},"content":{"rendered":"<p>\nEl calentamiento global ocasionado por el hombre est\u00e1 aumentando las enfermedades en Estados Unidos y sin duda la situaci\u00f3n habr\u00e1 de empeorar, de acuerdo con un nuevo informe del gobierno federal. <\/p>\n<p>Seg\u00fan el documento de 332 p\u00e1ginas que difundi\u00f3 el lunes el gobierno del presidente  Barack Obama , el calentamiento global incrementar\u00e1 la contaminaci\u00f3n del aire, el agua y los alimentos. <\/p>\n<p>En el texto se advierte sobre enfermedades como las propagadas por garrapatas y mosquitos, temporadas m\u00e1s largas de alergias y miles de muertes por olas de calor. <\/p>\n<p>La titular de la Agencia de Protecci\u00f3n Ambiental, Gina McCarthy, manifest\u00f3 que, por si eso no es suficiente, el cambio clim\u00e1tico igualmente afecta la salud mental de las personas. <\/p>\n<p>\u00abNo se trata s\u00f3lo de los osos polares y el derretimiento de los casquetes de hielo. Se trata de nuestras familias, de nuestro futuro\u00bb, declar\u00f3 McCarthy durante un acto en la Casa Blanca para la presentaci\u00f3n del informe. <\/p>\n<p>El cambio clim\u00e1tico afecta a m\u00e1s personas en m\u00e1s maneras que cualquier cosa que los doctores hayan visto en el pasado, expres\u00f3 el director general de salud p\u00fablica, Vivek Murthy. <\/p>\n<p>El asma es en la actualidad la causa n\u00famero uno de que los ni\u00f1os vayan al hospital y \u00abahora estamos viendo que se agrava debido al calor, los al\u00e9rgenos\u00bb y la contaminaci\u00f3n del aire, dijo Lynn Goldman, decano de la escuela de salud p\u00fablica de la Universidad George Washington. <\/p>\n<p>\u00a0 <\/p>\n<p>\u00a0 <\/p>\n","protected":false},"excerpt":{"rendered":"<p>El calentamiento global ocasionado por el hombre est\u00e1 aumentando las <a href=\"https:\/\/sertv.gob.pa\/nacionalfm\/el-cambio-climatico-incrementa-las-enfermedades\/\"> [&#8230;]<\/a><\/p>\n","protected":false},"author":1,"featured_media":11745,"comment_status":"closed","ping_status":"closed","sticky":false,"template":"","format":"standard","meta":{"footnotes":""},"categories":[5],"tags":[],"class_list":["post-11744","post","type-post","status-publish","format-standard","has-post-thumbnail","hentry","category-salud"],"_links":{"self":[{"href":"https:\/\/sertv.gob.pa\/nacionalfm\/wp-json\/wp\/v2\/posts\/11744","targetHints":{"allow":["GET"]}}],"collection":[{"href":"https:\/\/sertv.gob.pa\/nacionalfm\/wp-json\/wp\/v2\/posts"}],"about":[{"href":"https:\/\/sertv.gob.pa\/nacionalfm\/wp-json\/wp\/v2\/types\/post"}],"author":[{"embeddable":true,"href":"https:\/\/sertv.gob.pa\/nacionalfm\/wp-json\/wp\/v2\/users\/1"}],"replies":[{"embeddable":true,"href":"https:\/\/sertv.gob.pa\/nacionalfm\/wp-json\/wp\/v2\/comments?post=11744"}],"version-history":[{"count":0,"href":"https:\/\/sertv.gob.pa\/nacionalfm\/wp-json\/wp\/v2\/posts\/11744\/revisions"}],"wp:featuredmedia":[{"embeddable":true,"href":"https:\/\/sertv.gob.pa\/nacionalfm\/wp-json\/wp\/v2\/media\/11745"}],"wp:attachment":[{"href":"https:\/\/sertv.gob.pa\/nacionalfm\/wp-json\/wp\/v2\/media?parent=11744"}],"wp:term":[{"taxonomy":"category","embeddable":true,"href":"https:\/\/sertv.gob.pa\/nacionalfm\/wp-json\/wp\/v2\/categories?post=11744"},{"taxonomy":"post_tag","embeddable":true,"href":"https:\/\/sertv.gob.pa\/nacionalfm\/wp-json\/wp\/v2\/tags?post=11744"}],"curies":[{"name":"wp","href":"https:\/\/api.w.org\/{rel}","templated":true}]}}