{"id":11778,"date":"2016-04-06T15:24:38","date_gmt":"2016-04-06T15:24:38","guid":{"rendered":""},"modified":"2016-04-06T15:24:38","modified_gmt":"2016-04-06T15:24:38","slug":"tejidos-terapeuticos-ayudan-a-la-salud","status":"publish","type":"post","link":"https:\/\/sertv.gob.pa\/nacionalfm\/tejidos-terapeuticos-ayudan-a-la-salud\/","title":{"rendered":"Tejidos terap\u00e9uticos ayudan a la salud"},"content":{"rendered":"<p>\nLa biocer\u00e1mica MIG3 incorporada a diversos telas al entrar en contacto con el calor del cuerpo humano produce un tipo de luz denominada &lsquo;de rayos infrarrojos largos&#8217;, que promueve la dilataci\u00f3n de los vasos sangu\u00edneos, de acuerdo a la empresa brasile\u00f1a Invel. <\/p>\n<p>El aumento de la circulaci\u00f3n sangu\u00ednea y otros efectos colaterales fomentados por estas &lsquo;telas terap\u00e9uticas&#8217; ayudan a mitigar el dolor de espalda y de extremidades, a prevenir la disfunci\u00f3n er\u00e9ctil, a mejorar la celulitis y aliviar el insomnio, seg\u00fan esta compa\u00f1\u00eda. <\/p>\n<p>\u00a0 <\/p>\n","protected":false},"excerpt":{"rendered":"<p>La biocer\u00e1mica MIG3 incorporada a diversos telas al entrar en <a href=\"https:\/\/sertv.gob.pa\/nacionalfm\/tejidos-terapeuticos-ayudan-a-la-salud\/\"> [&#8230;]<\/a><\/p>\n","protected":false},"author":1,"featured_media":11779,"comment_status":"closed","ping_status":"closed","sticky":false,"template":"","format":"standard","meta":{"footnotes":""},"categories":[5],"tags":[],"class_list":["post-11778","post","type-post","status-publish","format-standard","has-post-thumbnail","hentry","category-salud"],"_links":{"self":[{"href":"https:\/\/sertv.gob.pa\/nacionalfm\/wp-json\/wp\/v2\/posts\/11778","targetHints":{"allow":["GET"]}}],"collection":[{"href":"https:\/\/sertv.gob.pa\/nacionalfm\/wp-json\/wp\/v2\/posts"}],"about":[{"href":"https:\/\/sertv.gob.pa\/nacionalfm\/wp-json\/wp\/v2\/types\/post"}],"author":[{"embeddable":true,"href":"https:\/\/sertv.gob.pa\/nacionalfm\/wp-json\/wp\/v2\/users\/1"}],"replies":[{"embeddable":true,"href":"https:\/\/sertv.gob.pa\/nacionalfm\/wp-json\/wp\/v2\/comments?post=11778"}],"version-history":[{"count":0,"href":"https:\/\/sertv.gob.pa\/nacionalfm\/wp-json\/wp\/v2\/posts\/11778\/revisions"}],"wp:featuredmedia":[{"embeddable":true,"href":"https:\/\/sertv.gob.pa\/nacionalfm\/wp-json\/wp\/v2\/media\/11779"}],"wp:attachment":[{"href":"https:\/\/sertv.gob.pa\/nacionalfm\/wp-json\/wp\/v2\/media?parent=11778"}],"wp:term":[{"taxonomy":"category","embeddable":true,"href":"https:\/\/sertv.gob.pa\/nacionalfm\/wp-json\/wp\/v2\/categories?post=11778"},{"taxonomy":"post_tag","embeddable":true,"href":"https:\/\/sertv.gob.pa\/nacionalfm\/wp-json\/wp\/v2\/tags?post=11778"}],"curies":[{"name":"wp","href":"https:\/\/api.w.org\/{rel}","templated":true}]}}