{"id":11808,"date":"2016-04-07T15:58:35","date_gmt":"2016-04-07T15:58:35","guid":{"rendered":""},"modified":"2016-04-07T15:58:35","modified_gmt":"2016-04-07T15:58:35","slug":"dia-mundial-de-la-salud","status":"publish","type":"post","link":"https:\/\/sertv.gob.pa\/nacionalfm\/dia-mundial-de-la-salud\/","title":{"rendered":"D\u00eda Mundial de la Salud"},"content":{"rendered":"<p>\nEn el D\u00eda Mundial de la Salud, hoy 7 de abril de 2016, la Organizaci\u00f3n Mundial de la Salud (OMS) presta particular atenci\u00f3n a la diabetes con el objetivo de acrecentar la concienciaci\u00f3n respecto al aumento de los casos y de sus abrumadoras cargas y consecuencias. Seg\u00fan datos de la OMS la epidemia de diabetes est\u00e1 aumentando r\u00e1pidamente en muchos pa\u00edses, y de manera extraordinaria en los pa\u00edses de ingresos bajos y medianos, Panam\u00e1 no escapa de esta realidad. <\/p>\n<p>Datos de la Federaci\u00f3n Internacional de Diabetes indican que en Panam\u00e1 hay 85 mil casos que no han sido diagnosticados todav\u00eda.\u00a0 Anualmente mueren mil 40 personas a causa de la diabetes, seg\u00fan cifras de la Caja de Seguro Social (noviembre 2014). Nueve de cada 100 paname\u00f1os tiene diabetes, y 4 de ellos no saben que tienen la enfermedad. <\/p>\n<p>Seg\u00fan la nutricionista, Ida Sol\u00eds, los malos h\u00e1bitos alimenticios de los paname\u00f1os son una de las principales causas de los casos de la enfermedad. <\/p>\n<p>\u00a0 <\/p>\n","protected":false},"excerpt":{"rendered":"<p>En el D\u00eda Mundial de la Salud, hoy 7 de <a href=\"https:\/\/sertv.gob.pa\/nacionalfm\/dia-mundial-de-la-salud\/\"> [&#8230;]<\/a><\/p>\n","protected":false},"author":1,"featured_media":11809,"comment_status":"closed","ping_status":"closed","sticky":false,"template":"","format":"standard","meta":{"footnotes":""},"categories":[5],"tags":[],"class_list":["post-11808","post","type-post","status-publish","format-standard","has-post-thumbnail","hentry","category-salud"],"_links":{"self":[{"href":"https:\/\/sertv.gob.pa\/nacionalfm\/wp-json\/wp\/v2\/posts\/11808","targetHints":{"allow":["GET"]}}],"collection":[{"href":"https:\/\/sertv.gob.pa\/nacionalfm\/wp-json\/wp\/v2\/posts"}],"about":[{"href":"https:\/\/sertv.gob.pa\/nacionalfm\/wp-json\/wp\/v2\/types\/post"}],"author":[{"embeddable":true,"href":"https:\/\/sertv.gob.pa\/nacionalfm\/wp-json\/wp\/v2\/users\/1"}],"replies":[{"embeddable":true,"href":"https:\/\/sertv.gob.pa\/nacionalfm\/wp-json\/wp\/v2\/comments?post=11808"}],"version-history":[{"count":0,"href":"https:\/\/sertv.gob.pa\/nacionalfm\/wp-json\/wp\/v2\/posts\/11808\/revisions"}],"wp:featuredmedia":[{"embeddable":true,"href":"https:\/\/sertv.gob.pa\/nacionalfm\/wp-json\/wp\/v2\/media\/11809"}],"wp:attachment":[{"href":"https:\/\/sertv.gob.pa\/nacionalfm\/wp-json\/wp\/v2\/media?parent=11808"}],"wp:term":[{"taxonomy":"category","embeddable":true,"href":"https:\/\/sertv.gob.pa\/nacionalfm\/wp-json\/wp\/v2\/categories?post=11808"},{"taxonomy":"post_tag","embeddable":true,"href":"https:\/\/sertv.gob.pa\/nacionalfm\/wp-json\/wp\/v2\/tags?post=11808"}],"curies":[{"name":"wp","href":"https:\/\/api.w.org\/{rel}","templated":true}]}}