{"id":11820,"date":"2016-04-07T18:54:33","date_gmt":"2016-04-07T18:54:33","guid":{"rendered":""},"modified":"2016-04-07T18:54:33","modified_gmt":"2016-04-07T18:54:33","slug":"bryan-de-gracia-ante-duro-escollo-frente-a-venezolano-tony-gomez","status":"publish","type":"post","link":"https:\/\/sertv.gob.pa\/nacionalfm\/bryan-de-gracia-ante-duro-escollo-frente-a-venezolano-tony-gomez\/","title":{"rendered":"Bryan De Gracia ante duro escollo frente a venezolano Tony G\u00f3mez"},"content":{"rendered":"<p>\nEl invicto p\u00fagil chiricano y clasificado mundial de los pesos plumas de la Asociaci\u00f3n Mundial de Boxeo, en la sexta casilla, Bryan &ldquo;La Roca&rdquo; De Gracia, \u00a0pasar\u00e1 un duro escollo frente al aguerrido venezolano Tony &ldquo;El Patriota&rdquo; G\u00f3mez, en el Centro de Convenciones Vasco N\u00fa\u00f1ez de Balboa el pr\u00f3ximo viernes 15 de abril. <\/p>\n<p>De Gracia viene de vencer en sus dos \u00faltimos encuentros a Samuel &ldquo;La Pesadilla&rdquo; Moreno por la v\u00eda r\u00e1pida y m\u00e1s recientemente al mexicano Alejandro Palmero, adquiriendo y defendiendo el t\u00edtulo FEDECARIBE de la AMB respectivamente. <\/p>\n<p>En tanto que su rival G\u00f3mez viene con sangre en los ojos luego de dos derrotas consecutivas ante el verag\u00fcense Rolando Giono y m\u00e1s recientemente ante el prospecto Jaime Arboleda a quien logr\u00f3 derribar al final del primer asalto, pero eso no le sirvi\u00f3 para vencer al novel paname\u00f1o. <\/p>\n","protected":false},"excerpt":{"rendered":"<p>El invicto p\u00fagil chiricano y clasificado mundial de los pesos <a href=\"https:\/\/sertv.gob.pa\/nacionalfm\/bryan-de-gracia-ante-duro-escollo-frente-a-venezolano-tony-gomez\/\"> [&#8230;]<\/a><\/p>\n","protected":false},"author":1,"featured_media":11821,"comment_status":"closed","ping_status":"closed","sticky":false,"template":"","format":"standard","meta":{"footnotes":""},"categories":[4],"tags":[],"class_list":["post-11820","post","type-post","status-publish","format-standard","has-post-thumbnail","hentry","category-deportes"],"_links":{"self":[{"href":"https:\/\/sertv.gob.pa\/nacionalfm\/wp-json\/wp\/v2\/posts\/11820","targetHints":{"allow":["GET"]}}],"collection":[{"href":"https:\/\/sertv.gob.pa\/nacionalfm\/wp-json\/wp\/v2\/posts"}],"about":[{"href":"https:\/\/sertv.gob.pa\/nacionalfm\/wp-json\/wp\/v2\/types\/post"}],"author":[{"embeddable":true,"href":"https:\/\/sertv.gob.pa\/nacionalfm\/wp-json\/wp\/v2\/users\/1"}],"replies":[{"embeddable":true,"href":"https:\/\/sertv.gob.pa\/nacionalfm\/wp-json\/wp\/v2\/comments?post=11820"}],"version-history":[{"count":0,"href":"https:\/\/sertv.gob.pa\/nacionalfm\/wp-json\/wp\/v2\/posts\/11820\/revisions"}],"wp:featuredmedia":[{"embeddable":true,"href":"https:\/\/sertv.gob.pa\/nacionalfm\/wp-json\/wp\/v2\/media\/11821"}],"wp:attachment":[{"href":"https:\/\/sertv.gob.pa\/nacionalfm\/wp-json\/wp\/v2\/media?parent=11820"}],"wp:term":[{"taxonomy":"category","embeddable":true,"href":"https:\/\/sertv.gob.pa\/nacionalfm\/wp-json\/wp\/v2\/categories?post=11820"},{"taxonomy":"post_tag","embeddable":true,"href":"https:\/\/sertv.gob.pa\/nacionalfm\/wp-json\/wp\/v2\/tags?post=11820"}],"curies":[{"name":"wp","href":"https:\/\/api.w.org\/{rel}","templated":true}]}}