{"id":11832,"date":"2016-04-08T14:55:48","date_gmt":"2016-04-08T14:55:48","guid":{"rendered":""},"modified":"2016-04-08T14:55:48","modified_gmt":"2016-04-08T14:55:48","slug":"san-francisco-cuenta-con-bus-para-trasladar-fanaticos","status":"publish","type":"post","link":"https:\/\/sertv.gob.pa\/nacionalfm\/san-francisco-cuenta-con-bus-para-trasladar-fanaticos\/","title":{"rendered":"San Francisco cuenta con bus para trasladar fan\u00e1ticos"},"content":{"rendered":"<p>\nLa administraci\u00f3n del San Francisco FC anunci\u00f3 que brindar\u00e1 un bus para trasladar a aquellos fan\u00e1ticos de &ldquo;Los Monjes&rdquo; que deseen ir al partido de la jornada 14 de la Liga Paname\u00f1a de F\u00fatbol, ante el Tauro, que se disputar\u00e1 este viernes 8 de abril a las 9 de la noche en el Estadio Rommel Fern\u00e1ndez. <\/p>\n<p> El bus saldr\u00e1 a las 7:00 p.m., desde la Iglesia San Francisco de Paula. Ser\u00e1 totalmente gratis. Los boletos los podr\u00e1n adquirir en preventa o en el estadio el d\u00eda del partido.  <\/p>\n","protected":false},"excerpt":{"rendered":"<p>La administraci\u00f3n del San Francisco FC anunci\u00f3 que brindar\u00e1 un <a href=\"https:\/\/sertv.gob.pa\/nacionalfm\/san-francisco-cuenta-con-bus-para-trasladar-fanaticos\/\"> [&#8230;]<\/a><\/p>\n","protected":false},"author":1,"featured_media":11833,"comment_status":"closed","ping_status":"closed","sticky":false,"template":"","format":"standard","meta":{"footnotes":""},"categories":[4],"tags":[],"class_list":["post-11832","post","type-post","status-publish","format-standard","has-post-thumbnail","hentry","category-deportes"],"_links":{"self":[{"href":"https:\/\/sertv.gob.pa\/nacionalfm\/wp-json\/wp\/v2\/posts\/11832","targetHints":{"allow":["GET"]}}],"collection":[{"href":"https:\/\/sertv.gob.pa\/nacionalfm\/wp-json\/wp\/v2\/posts"}],"about":[{"href":"https:\/\/sertv.gob.pa\/nacionalfm\/wp-json\/wp\/v2\/types\/post"}],"author":[{"embeddable":true,"href":"https:\/\/sertv.gob.pa\/nacionalfm\/wp-json\/wp\/v2\/users\/1"}],"replies":[{"embeddable":true,"href":"https:\/\/sertv.gob.pa\/nacionalfm\/wp-json\/wp\/v2\/comments?post=11832"}],"version-history":[{"count":0,"href":"https:\/\/sertv.gob.pa\/nacionalfm\/wp-json\/wp\/v2\/posts\/11832\/revisions"}],"wp:featuredmedia":[{"embeddable":true,"href":"https:\/\/sertv.gob.pa\/nacionalfm\/wp-json\/wp\/v2\/media\/11833"}],"wp:attachment":[{"href":"https:\/\/sertv.gob.pa\/nacionalfm\/wp-json\/wp\/v2\/media?parent=11832"}],"wp:term":[{"taxonomy":"category","embeddable":true,"href":"https:\/\/sertv.gob.pa\/nacionalfm\/wp-json\/wp\/v2\/categories?post=11832"},{"taxonomy":"post_tag","embeddable":true,"href":"https:\/\/sertv.gob.pa\/nacionalfm\/wp-json\/wp\/v2\/tags?post=11832"}],"curies":[{"name":"wp","href":"https:\/\/api.w.org\/{rel}","templated":true}]}}