{"id":11836,"date":"2016-04-08T15:26:13","date_gmt":"2016-04-08T15:26:13","guid":{"rendered":""},"modified":"2016-04-08T15:26:13","modified_gmt":"2016-04-08T15:26:13","slug":"herrera-visita-a-panama-metro-en-el-rod-carew","status":"publish","type":"post","link":"https:\/\/sertv.gob.pa\/nacionalfm\/herrera-visita-a-panama-metro-en-el-rod-carew\/","title":{"rendered":"Herrera visita a Panam\u00e1 Metro en el Rod Carew"},"content":{"rendered":"<p>\nHerrera visitar\u00e1 esta noche a Panam\u00e1 Metro en el Estadio Rod Carew en la continuaci\u00f3n del Campeonato Nacional de B\u00e9isbol Mayor. <\/p>\n<p>Chiriqu\u00ed y Los Santos se enfrentan en el Estadio Olmedo Sol\u00e9 de Las Tablas, Col\u00f3n y Panam\u00e1 Oeste se miden en el Estadio Justino &ldquo;Gato Brujo&rdquo; Salinas de la Chorrera y Cocl\u00e9 y Veraguas lo har\u00e1n en el Estadio Omar Torrijos de Santiago, todos los partidos ser\u00e1n a las 7 de la noche. <\/p>\n<p>\u00a0 <\/p>\n","protected":false},"excerpt":{"rendered":"<p>Herrera visitar\u00e1 esta noche a Panam\u00e1 Metro en el Estadio <a href=\"https:\/\/sertv.gob.pa\/nacionalfm\/herrera-visita-a-panama-metro-en-el-rod-carew\/\"> [&#8230;]<\/a><\/p>\n","protected":false},"author":1,"featured_media":11837,"comment_status":"closed","ping_status":"closed","sticky":false,"template":"","format":"standard","meta":{"footnotes":""},"categories":[4],"tags":[],"class_list":["post-11836","post","type-post","status-publish","format-standard","has-post-thumbnail","hentry","category-deportes"],"_links":{"self":[{"href":"https:\/\/sertv.gob.pa\/nacionalfm\/wp-json\/wp\/v2\/posts\/11836","targetHints":{"allow":["GET"]}}],"collection":[{"href":"https:\/\/sertv.gob.pa\/nacionalfm\/wp-json\/wp\/v2\/posts"}],"about":[{"href":"https:\/\/sertv.gob.pa\/nacionalfm\/wp-json\/wp\/v2\/types\/post"}],"author":[{"embeddable":true,"href":"https:\/\/sertv.gob.pa\/nacionalfm\/wp-json\/wp\/v2\/users\/1"}],"replies":[{"embeddable":true,"href":"https:\/\/sertv.gob.pa\/nacionalfm\/wp-json\/wp\/v2\/comments?post=11836"}],"version-history":[{"count":0,"href":"https:\/\/sertv.gob.pa\/nacionalfm\/wp-json\/wp\/v2\/posts\/11836\/revisions"}],"wp:featuredmedia":[{"embeddable":true,"href":"https:\/\/sertv.gob.pa\/nacionalfm\/wp-json\/wp\/v2\/media\/11837"}],"wp:attachment":[{"href":"https:\/\/sertv.gob.pa\/nacionalfm\/wp-json\/wp\/v2\/media?parent=11836"}],"wp:term":[{"taxonomy":"category","embeddable":true,"href":"https:\/\/sertv.gob.pa\/nacionalfm\/wp-json\/wp\/v2\/categories?post=11836"},{"taxonomy":"post_tag","embeddable":true,"href":"https:\/\/sertv.gob.pa\/nacionalfm\/wp-json\/wp\/v2\/tags?post=11836"}],"curies":[{"name":"wp","href":"https:\/\/api.w.org\/{rel}","templated":true}]}}