{"id":11846,"date":"2016-04-08T17:54:38","date_gmt":"2016-04-08T17:54:38","guid":{"rendered":""},"modified":"2016-04-08T17:54:38","modified_gmt":"2016-04-08T17:54:38","slug":"realizan-carrera-caminata-5k-metro-plus-este-domingo-10-de-abril","status":"publish","type":"post","link":"https:\/\/sertv.gob.pa\/nacionalfm\/realizan-carrera-caminata-5k-metro-plus-este-domingo-10-de-abril\/","title":{"rendered":"Realizan Carrera Caminata 5K Metro Plus este domingo 10 de abril"},"content":{"rendered":"<p>\nEste domingo 10 de abril se llevar\u00e1 a cabo la Cuarta Carrera Caminata 5K Metro Plus por la Educaci\u00f3n a beneficio de la Fundaci\u00f3n ProEd. <\/p>\n<p> El evento iniciar\u00e1 a las 6:30 de la ma\u00f1ana en los estacionamientos de las oficinas del Ministerio de Obras P\u00fablicas de la Cinta Costera.  <\/p>\n<p>\u00a0 <\/p>\n","protected":false},"excerpt":{"rendered":"<p>Este domingo 10 de abril se llevar\u00e1 a cabo la <a href=\"https:\/\/sertv.gob.pa\/nacionalfm\/realizan-carrera-caminata-5k-metro-plus-este-domingo-10-de-abril\/\"> [&#8230;]<\/a><\/p>\n","protected":false},"author":1,"featured_media":11847,"comment_status":"closed","ping_status":"closed","sticky":false,"template":"","format":"standard","meta":{"footnotes":""},"categories":[4],"tags":[],"class_list":["post-11846","post","type-post","status-publish","format-standard","has-post-thumbnail","hentry","category-deportes"],"_links":{"self":[{"href":"https:\/\/sertv.gob.pa\/nacionalfm\/wp-json\/wp\/v2\/posts\/11846","targetHints":{"allow":["GET"]}}],"collection":[{"href":"https:\/\/sertv.gob.pa\/nacionalfm\/wp-json\/wp\/v2\/posts"}],"about":[{"href":"https:\/\/sertv.gob.pa\/nacionalfm\/wp-json\/wp\/v2\/types\/post"}],"author":[{"embeddable":true,"href":"https:\/\/sertv.gob.pa\/nacionalfm\/wp-json\/wp\/v2\/users\/1"}],"replies":[{"embeddable":true,"href":"https:\/\/sertv.gob.pa\/nacionalfm\/wp-json\/wp\/v2\/comments?post=11846"}],"version-history":[{"count":0,"href":"https:\/\/sertv.gob.pa\/nacionalfm\/wp-json\/wp\/v2\/posts\/11846\/revisions"}],"wp:featuredmedia":[{"embeddable":true,"href":"https:\/\/sertv.gob.pa\/nacionalfm\/wp-json\/wp\/v2\/media\/11847"}],"wp:attachment":[{"href":"https:\/\/sertv.gob.pa\/nacionalfm\/wp-json\/wp\/v2\/media?parent=11846"}],"wp:term":[{"taxonomy":"category","embeddable":true,"href":"https:\/\/sertv.gob.pa\/nacionalfm\/wp-json\/wp\/v2\/categories?post=11846"},{"taxonomy":"post_tag","embeddable":true,"href":"https:\/\/sertv.gob.pa\/nacionalfm\/wp-json\/wp\/v2\/tags?post=11846"}],"curies":[{"name":"wp","href":"https:\/\/api.w.org\/{rel}","templated":true}]}}