{"id":11848,"date":"2016-04-08T18:00:26","date_gmt":"2016-04-08T18:00:26","guid":{"rendered":""},"modified":"2016-04-08T18:00:26","modified_gmt":"2016-04-08T18:00:26","slug":"heces-fecales-de-palomas-en-escuela-presidente-porras-ocasionan-protesta","status":"publish","type":"post","link":"https:\/\/sertv.gob.pa\/nacionalfm\/heces-fecales-de-palomas-en-escuela-presidente-porras-ocasionan-protesta\/","title":{"rendered":"Heces fecales de palomas en escuela Presidente Porras ocasionan protesta"},"content":{"rendered":"<p>\nLa cantidad de heces fecales de palomas en los salones de la escuela Presidente Porras, en Las Tablas, provoc\u00f3 que docentes y padres de familia de este centro educativo salieran a las calles a protestar. <\/p>\n<p>Miguel Quintero, docente de esta escuela, explic\u00f3 que se sienten preocupados, debido a que las palomas causan diversas enfermedades y es por ello que exigen una soluci\u00f3n al problema. <\/p>\n<p>Las palomas pueden transmitir m\u00faltiples enfermedades infecciosas, incluso con consecuencias fatales por da\u00f1o pulmonar, neumon\u00edas, hepatitis o afecci\u00f3n cerebral. <\/p>\n<p>Sobre el tema, B\u00e9lgica Sandoval, directora regional de Educaci\u00f3n, dijo que el plantel es Patrimonio Cultural y se necesita el permiso del Inac para poder proceder a efectuar reparaciones. <\/p>\n<p>\u00a0 <\/p>\n","protected":false},"excerpt":{"rendered":"<p>La cantidad de heces fecales de palomas en los salones <a href=\"https:\/\/sertv.gob.pa\/nacionalfm\/heces-fecales-de-palomas-en-escuela-presidente-porras-ocasionan-protesta\/\"> [&#8230;]<\/a><\/p>\n","protected":false},"author":1,"featured_media":11849,"comment_status":"closed","ping_status":"closed","sticky":false,"template":"","format":"standard","meta":{"footnotes":""},"categories":[5],"tags":[],"class_list":["post-11848","post","type-post","status-publish","format-standard","has-post-thumbnail","hentry","category-salud"],"_links":{"self":[{"href":"https:\/\/sertv.gob.pa\/nacionalfm\/wp-json\/wp\/v2\/posts\/11848","targetHints":{"allow":["GET"]}}],"collection":[{"href":"https:\/\/sertv.gob.pa\/nacionalfm\/wp-json\/wp\/v2\/posts"}],"about":[{"href":"https:\/\/sertv.gob.pa\/nacionalfm\/wp-json\/wp\/v2\/types\/post"}],"author":[{"embeddable":true,"href":"https:\/\/sertv.gob.pa\/nacionalfm\/wp-json\/wp\/v2\/users\/1"}],"replies":[{"embeddable":true,"href":"https:\/\/sertv.gob.pa\/nacionalfm\/wp-json\/wp\/v2\/comments?post=11848"}],"version-history":[{"count":0,"href":"https:\/\/sertv.gob.pa\/nacionalfm\/wp-json\/wp\/v2\/posts\/11848\/revisions"}],"wp:featuredmedia":[{"embeddable":true,"href":"https:\/\/sertv.gob.pa\/nacionalfm\/wp-json\/wp\/v2\/media\/11849"}],"wp:attachment":[{"href":"https:\/\/sertv.gob.pa\/nacionalfm\/wp-json\/wp\/v2\/media?parent=11848"}],"wp:term":[{"taxonomy":"category","embeddable":true,"href":"https:\/\/sertv.gob.pa\/nacionalfm\/wp-json\/wp\/v2\/categories?post=11848"},{"taxonomy":"post_tag","embeddable":true,"href":"https:\/\/sertv.gob.pa\/nacionalfm\/wp-json\/wp\/v2\/tags?post=11848"}],"curies":[{"name":"wp","href":"https:\/\/api.w.org\/{rel}","templated":true}]}}