{"id":11850,"date":"2016-04-08T18:05:17","date_gmt":"2016-04-08T18:05:17","guid":{"rendered":""},"modified":"2016-04-08T18:05:17","modified_gmt":"2016-04-08T18:05:17","slug":"panama-ante-brasil-previo-a-copa-america-centenario-usa-2016","status":"publish","type":"post","link":"https:\/\/sertv.gob.pa\/nacionalfm\/panama-ante-brasil-previo-a-copa-america-centenario-usa-2016\/","title":{"rendered":"Panam\u00e1 ante Brasil previo a Copa Am\u00e9rica Centenario USA 2016"},"content":{"rendered":"<p>\nPanam\u00e1 tendr\u00e1 su \u00faltimo examen previo a su participaci\u00f3n en la Copa Am\u00e9rica Centenario USA 2016, ante el pentacampe\u00f3n mundial Brasil, en partido que se jugar\u00e1 el pr\u00f3ximo 29 de mayo en el Dick\u00b4s Sporting Goods Park, de Denver, casa del Colorado Rapids de la MLS. <\/p>\n<p>\u00a0La selecci\u00f3n nacional, ubicada en el grupo D, iniciar\u00e1 su participaci\u00f3n en la Copa Am\u00e9rica Centenario en la ciudad de Orlando el d\u00eda 6 de junio ante Bolivia, mientras que los brasile\u00f1os ver\u00e1n acci\u00f3n por primera vez en el torneo, como parte del grupo B, dos d\u00edas antes frente a Ecuador en Pasadena. <\/p>\n<p>Este ser\u00e1 el segundo partido que enfrenten ambos oncenos con el t\u00e9cnico Hern\u00e1n Dar\u00edo G\u00f3mez en el banquillo paname\u00f1o luego que se midieran el 3 de junio de 2014 en Goi\u00e1s,\u00a0Brasil. <\/p>\n<p>\u00a0 <\/p>\n","protected":false},"excerpt":{"rendered":"<p>Panam\u00e1 tendr\u00e1 su \u00faltimo examen previo a su participaci\u00f3n en <a href=\"https:\/\/sertv.gob.pa\/nacionalfm\/panama-ante-brasil-previo-a-copa-america-centenario-usa-2016\/\"> [&#8230;]<\/a><\/p>\n","protected":false},"author":1,"featured_media":11851,"comment_status":"closed","ping_status":"closed","sticky":false,"template":"","format":"standard","meta":{"footnotes":""},"categories":[4],"tags":[],"class_list":["post-11850","post","type-post","status-publish","format-standard","has-post-thumbnail","hentry","category-deportes"],"_links":{"self":[{"href":"https:\/\/sertv.gob.pa\/nacionalfm\/wp-json\/wp\/v2\/posts\/11850","targetHints":{"allow":["GET"]}}],"collection":[{"href":"https:\/\/sertv.gob.pa\/nacionalfm\/wp-json\/wp\/v2\/posts"}],"about":[{"href":"https:\/\/sertv.gob.pa\/nacionalfm\/wp-json\/wp\/v2\/types\/post"}],"author":[{"embeddable":true,"href":"https:\/\/sertv.gob.pa\/nacionalfm\/wp-json\/wp\/v2\/users\/1"}],"replies":[{"embeddable":true,"href":"https:\/\/sertv.gob.pa\/nacionalfm\/wp-json\/wp\/v2\/comments?post=11850"}],"version-history":[{"count":0,"href":"https:\/\/sertv.gob.pa\/nacionalfm\/wp-json\/wp\/v2\/posts\/11850\/revisions"}],"wp:featuredmedia":[{"embeddable":true,"href":"https:\/\/sertv.gob.pa\/nacionalfm\/wp-json\/wp\/v2\/media\/11851"}],"wp:attachment":[{"href":"https:\/\/sertv.gob.pa\/nacionalfm\/wp-json\/wp\/v2\/media?parent=11850"}],"wp:term":[{"taxonomy":"category","embeddable":true,"href":"https:\/\/sertv.gob.pa\/nacionalfm\/wp-json\/wp\/v2\/categories?post=11850"},{"taxonomy":"post_tag","embeddable":true,"href":"https:\/\/sertv.gob.pa\/nacionalfm\/wp-json\/wp\/v2\/tags?post=11850"}],"curies":[{"name":"wp","href":"https:\/\/api.w.org\/{rel}","templated":true}]}}