{"id":11854,"date":"2016-04-08T18:36:17","date_gmt":"2016-04-08T18:36:17","guid":{"rendered":""},"modified":"2016-04-08T18:36:17","modified_gmt":"2016-04-08T18:36:17","slug":"tauro-y-san-francisco-abren-jornada-14-de-la-lpf","status":"publish","type":"post","link":"https:\/\/sertv.gob.pa\/nacionalfm\/tauro-y-san-francisco-abren-jornada-14-de-la-lpf\/","title":{"rendered":"Tauro y San Francisco abren jornada 14 de la LPF"},"content":{"rendered":"<p>\nEn el inicio de la Jornada 14 de la Liga Paname\u00f1a de F\u00fatbol se enfrentan el viernes 8 de abril en el Estadio Rommel Fern\u00e1ndez, el Tauro frente al San Francisco FC, a las 9 de la noche. <\/p>\n<p> El s\u00e1bado 10\u00a0 se miden el Atl\u00e9tico Chiriqu\u00ed ante el Plaza Amador en el Estadio San Crist\u00f3bal de David,\u00a0 el Chorrillo FC tendr\u00e1 acci\u00f3n ante el Chepo FC en el Estadio El Maracan\u00e1 y el Alianza FC se enfrenta al l\u00edder Atl\u00e9tico Nacional en el Ernesto &ldquo;Cascarita&rdquo; Tapia, todos estos partidos a las 6 de la tarde.  <\/p>\n<p> El domingo 11 cierran la jornada en el Estadio Rommel Fern\u00e1ndez Sporting San Miguelito y el \u00c1rabe Unido de Col\u00f3n, a las 5 de la tarde.  <\/p>\n<p>\u00a0 <\/p>\n<p>\u00a0 <\/p>\n","protected":false},"excerpt":{"rendered":"<p>En el inicio de la Jornada 14 de la Liga <a href=\"https:\/\/sertv.gob.pa\/nacionalfm\/tauro-y-san-francisco-abren-jornada-14-de-la-lpf\/\"> [&#8230;]<\/a><\/p>\n","protected":false},"author":1,"featured_media":11855,"comment_status":"closed","ping_status":"closed","sticky":false,"template":"","format":"standard","meta":{"footnotes":""},"categories":[4],"tags":[],"class_list":["post-11854","post","type-post","status-publish","format-standard","has-post-thumbnail","hentry","category-deportes"],"_links":{"self":[{"href":"https:\/\/sertv.gob.pa\/nacionalfm\/wp-json\/wp\/v2\/posts\/11854","targetHints":{"allow":["GET"]}}],"collection":[{"href":"https:\/\/sertv.gob.pa\/nacionalfm\/wp-json\/wp\/v2\/posts"}],"about":[{"href":"https:\/\/sertv.gob.pa\/nacionalfm\/wp-json\/wp\/v2\/types\/post"}],"author":[{"embeddable":true,"href":"https:\/\/sertv.gob.pa\/nacionalfm\/wp-json\/wp\/v2\/users\/1"}],"replies":[{"embeddable":true,"href":"https:\/\/sertv.gob.pa\/nacionalfm\/wp-json\/wp\/v2\/comments?post=11854"}],"version-history":[{"count":0,"href":"https:\/\/sertv.gob.pa\/nacionalfm\/wp-json\/wp\/v2\/posts\/11854\/revisions"}],"wp:featuredmedia":[{"embeddable":true,"href":"https:\/\/sertv.gob.pa\/nacionalfm\/wp-json\/wp\/v2\/media\/11855"}],"wp:attachment":[{"href":"https:\/\/sertv.gob.pa\/nacionalfm\/wp-json\/wp\/v2\/media?parent=11854"}],"wp:term":[{"taxonomy":"category","embeddable":true,"href":"https:\/\/sertv.gob.pa\/nacionalfm\/wp-json\/wp\/v2\/categories?post=11854"},{"taxonomy":"post_tag","embeddable":true,"href":"https:\/\/sertv.gob.pa\/nacionalfm\/wp-json\/wp\/v2\/tags?post=11854"}],"curies":[{"name":"wp","href":"https:\/\/api.w.org\/{rel}","templated":true}]}}