{"id":11886,"date":"2016-04-11T15:01:51","date_gmt":"2016-04-11T15:01:51","guid":{"rendered":""},"modified":"2016-04-11T15:01:51","modified_gmt":"2016-04-11T15:01:51","slug":"bylon-y-hibbert-en-un-ultima-oportunidad-de-estar-en-rio","status":"publish","type":"post","link":"https:\/\/sertv.gob.pa\/nacionalfm\/bylon-y-hibbert-en-un-ultima-oportunidad-de-estar-en-rio\/","title":{"rendered":"Bylon y Hibbert en un \u00faltima oportunidad de estar en R\u00edo"},"content":{"rendered":"<p>\nA pesar de sus fallidos intentos por clasificar a los Juegos Ol\u00edmpicos de R\u00edo, en el torneo Preol\u00edmpico en Buenos Aires, Argentina, Atheyna Bylon y Karol Hibbert, no han dejado de entrenar. <\/p>\n<p>Las mismas han trabajado arduamente en el Centro de Alto Rendimiento de la ciudad deportiva Irvin Saladino, y est\u00e1n viajando en el d\u00eda de hoy con destino a Santa Cruz de la Sierra, Bolivia, donde ver\u00e1n acci\u00f3n en el Campeonato Continental de Boxeo Femenino, a realizarse del 11 al 17 de abril. <\/p>\n<p>Ambas boxeadoras ser\u00e1n asistidas por el entrenador de la Polic\u00eda Nacional Alexis Castrejo, con el prop\u00f3sito de foguearse con miras al Campeonato Mundial de Boxeo Femenino, Astana 2016, que se realizar\u00e1 en Kazajist\u00e1n del 16 al 26 de mayo, justa que otorga cuatro cupos por categor\u00eda para los Juegos Ol\u00edmpicos de Brasil 2016. <\/p>\n<p>\u00a0 <\/p>\n","protected":false},"excerpt":{"rendered":"<p>A pesar de sus fallidos intentos por clasificar a los <a href=\"https:\/\/sertv.gob.pa\/nacionalfm\/bylon-y-hibbert-en-un-ultima-oportunidad-de-estar-en-rio\/\"> [&#8230;]<\/a><\/p>\n","protected":false},"author":1,"featured_media":11887,"comment_status":"closed","ping_status":"closed","sticky":false,"template":"","format":"standard","meta":{"footnotes":""},"categories":[4],"tags":[],"class_list":["post-11886","post","type-post","status-publish","format-standard","has-post-thumbnail","hentry","category-deportes"],"_links":{"self":[{"href":"https:\/\/sertv.gob.pa\/nacionalfm\/wp-json\/wp\/v2\/posts\/11886","targetHints":{"allow":["GET"]}}],"collection":[{"href":"https:\/\/sertv.gob.pa\/nacionalfm\/wp-json\/wp\/v2\/posts"}],"about":[{"href":"https:\/\/sertv.gob.pa\/nacionalfm\/wp-json\/wp\/v2\/types\/post"}],"author":[{"embeddable":true,"href":"https:\/\/sertv.gob.pa\/nacionalfm\/wp-json\/wp\/v2\/users\/1"}],"replies":[{"embeddable":true,"href":"https:\/\/sertv.gob.pa\/nacionalfm\/wp-json\/wp\/v2\/comments?post=11886"}],"version-history":[{"count":0,"href":"https:\/\/sertv.gob.pa\/nacionalfm\/wp-json\/wp\/v2\/posts\/11886\/revisions"}],"wp:featuredmedia":[{"embeddable":true,"href":"https:\/\/sertv.gob.pa\/nacionalfm\/wp-json\/wp\/v2\/media\/11887"}],"wp:attachment":[{"href":"https:\/\/sertv.gob.pa\/nacionalfm\/wp-json\/wp\/v2\/media?parent=11886"}],"wp:term":[{"taxonomy":"category","embeddable":true,"href":"https:\/\/sertv.gob.pa\/nacionalfm\/wp-json\/wp\/v2\/categories?post=11886"},{"taxonomy":"post_tag","embeddable":true,"href":"https:\/\/sertv.gob.pa\/nacionalfm\/wp-json\/wp\/v2\/tags?post=11886"}],"curies":[{"name":"wp","href":"https:\/\/api.w.org\/{rel}","templated":true}]}}