{"id":11898,"date":"2016-04-11T18:04:54","date_gmt":"2016-04-11T18:04:54","guid":{"rendered":""},"modified":"2016-04-11T18:04:54","modified_gmt":"2016-04-11T18:04:54","slug":"crespo-logra-esta-semana-una-medalla-de-plata-y-otra-de-broce","status":"publish","type":"post","link":"https:\/\/sertv.gob.pa\/nacionalfm\/crespo-logra-esta-semana-una-medalla-de-plata-y-otra-de-broce\/","title":{"rendered":"Crespo logra esta semana una medalla de plata y otra de broce"},"content":{"rendered":"<p>\nEste fin de semana el nadador ol\u00edmpico, Edgar Cespo, termin\u00f3 con dos medallas, una de plata en los 50 mentros y una de bronce en los 100 metros pecho, y a la vez se consagr\u00f3 al llevarse el primer lugar con la mayor\u00eda de puntos FINA por su rendimiento atl\u00e9tico (Athlete Performance) entre m\u00e1s de 600 atletas, durante el 2016 Strock ATUS Graz Trophy que se efectu\u00f3 en el Complejo Auster de la Ciudad de Graz, Australia. <\/p>\n<p>El pasado s\u00e1bado 9 de abril; el trit\u00f3n paname\u00f1o tuvo un buen desempe\u00f1o fuera de su especialidad, los 200m pecho. Donde par\u00f3 el reloj en 2:18.87 para as\u00ed ganar la Final B y lograr su tercer mejor tiempo de su carrera deportiva. Este tiempo lo posicion\u00f3 de sexto en la general. <\/p>\n<p> Ayer domingo 10 de Abril, Crespo nad\u00f3 los 50m pecho y cronometr\u00f3 en eliminatorias, 27.98. Para luego en la final, colocarse de segundo lugar con 28.00.\u00a0Al frente qued\u00f3 el sueco Johannes Skagius con 27.85, y tercero el austriaco Daniel Pilhatsch con 28.47.  <\/p>\n<p> Crespo continuar\u00e1 con sus entrenamientos esta semama con mira a las competencias que tiene pr\u00f3ximamente en Junio y seguir buscando la marca directa hacia R\u00edo 2016. Actualmente, tiene la marca Invitacional (marca B).  <\/p>\n<p>\u00a0 <\/p>\n<p>\u00a0 <\/p>\n","protected":false},"excerpt":{"rendered":"<p>Este fin de semana el nadador ol\u00edmpico, Edgar Cespo, termin\u00f3 <a href=\"https:\/\/sertv.gob.pa\/nacionalfm\/crespo-logra-esta-semana-una-medalla-de-plata-y-otra-de-broce\/\"> [&#8230;]<\/a><\/p>\n","protected":false},"author":1,"featured_media":11899,"comment_status":"closed","ping_status":"closed","sticky":false,"template":"","format":"standard","meta":{"footnotes":""},"categories":[4],"tags":[],"class_list":["post-11898","post","type-post","status-publish","format-standard","has-post-thumbnail","hentry","category-deportes"],"_links":{"self":[{"href":"https:\/\/sertv.gob.pa\/nacionalfm\/wp-json\/wp\/v2\/posts\/11898","targetHints":{"allow":["GET"]}}],"collection":[{"href":"https:\/\/sertv.gob.pa\/nacionalfm\/wp-json\/wp\/v2\/posts"}],"about":[{"href":"https:\/\/sertv.gob.pa\/nacionalfm\/wp-json\/wp\/v2\/types\/post"}],"author":[{"embeddable":true,"href":"https:\/\/sertv.gob.pa\/nacionalfm\/wp-json\/wp\/v2\/users\/1"}],"replies":[{"embeddable":true,"href":"https:\/\/sertv.gob.pa\/nacionalfm\/wp-json\/wp\/v2\/comments?post=11898"}],"version-history":[{"count":0,"href":"https:\/\/sertv.gob.pa\/nacionalfm\/wp-json\/wp\/v2\/posts\/11898\/revisions"}],"wp:featuredmedia":[{"embeddable":true,"href":"https:\/\/sertv.gob.pa\/nacionalfm\/wp-json\/wp\/v2\/media\/11899"}],"wp:attachment":[{"href":"https:\/\/sertv.gob.pa\/nacionalfm\/wp-json\/wp\/v2\/media?parent=11898"}],"wp:term":[{"taxonomy":"category","embeddable":true,"href":"https:\/\/sertv.gob.pa\/nacionalfm\/wp-json\/wp\/v2\/categories?post=11898"},{"taxonomy":"post_tag","embeddable":true,"href":"https:\/\/sertv.gob.pa\/nacionalfm\/wp-json\/wp\/v2\/tags?post=11898"}],"curies":[{"name":"wp","href":"https:\/\/api.w.org\/{rel}","templated":true}]}}