{"id":11900,"date":"2016-04-11T18:19:42","date_gmt":"2016-04-11T18:19:42","guid":{"rendered":""},"modified":"2016-04-11T18:19:42","modified_gmt":"2016-04-11T18:19:42","slug":"estadio-mariano-bula-sera-reconstruido-en-su-totalidad","status":"publish","type":"post","link":"https:\/\/sertv.gob.pa\/nacionalfm\/estadio-mariano-bula-sera-reconstruido-en-su-totalidad\/","title":{"rendered":"Estadio Mariano Bula ser\u00e1 reconstruido en su totalidad"},"content":{"rendered":"<p>\nRoberto Arango director del Instituto Paname\u00f1o de Deportes, Roberto Arango, asegur\u00f3 recientemente en reuni\u00f3n con presidentes de ligas y dirigentes deportivos colonenses, que el estadio Roberto Mariano Bula de la provincia de Col\u00f3n ser\u00e1 reconstruido en su totalidad. <\/p>\n<p>Arango confirm\u00f3 a dirigentes y medios de comunicaci\u00f3n que el Mariano Bula est\u00e1 incluido en un plan de desarrollo y reconstrucciones de diversas infraestructuras deportivas de la provincia de Col\u00f3n. <\/p>\n<p>\u00a0 <\/p>\n","protected":false},"excerpt":{"rendered":"<p>Roberto Arango director del Instituto Paname\u00f1o de Deportes, Roberto Arango, <a href=\"https:\/\/sertv.gob.pa\/nacionalfm\/estadio-mariano-bula-sera-reconstruido-en-su-totalidad\/\"> [&#8230;]<\/a><\/p>\n","protected":false},"author":1,"featured_media":11901,"comment_status":"closed","ping_status":"closed","sticky":false,"template":"","format":"standard","meta":{"footnotes":""},"categories":[4],"tags":[],"class_list":["post-11900","post","type-post","status-publish","format-standard","has-post-thumbnail","hentry","category-deportes"],"_links":{"self":[{"href":"https:\/\/sertv.gob.pa\/nacionalfm\/wp-json\/wp\/v2\/posts\/11900","targetHints":{"allow":["GET"]}}],"collection":[{"href":"https:\/\/sertv.gob.pa\/nacionalfm\/wp-json\/wp\/v2\/posts"}],"about":[{"href":"https:\/\/sertv.gob.pa\/nacionalfm\/wp-json\/wp\/v2\/types\/post"}],"author":[{"embeddable":true,"href":"https:\/\/sertv.gob.pa\/nacionalfm\/wp-json\/wp\/v2\/users\/1"}],"replies":[{"embeddable":true,"href":"https:\/\/sertv.gob.pa\/nacionalfm\/wp-json\/wp\/v2\/comments?post=11900"}],"version-history":[{"count":0,"href":"https:\/\/sertv.gob.pa\/nacionalfm\/wp-json\/wp\/v2\/posts\/11900\/revisions"}],"wp:featuredmedia":[{"embeddable":true,"href":"https:\/\/sertv.gob.pa\/nacionalfm\/wp-json\/wp\/v2\/media\/11901"}],"wp:attachment":[{"href":"https:\/\/sertv.gob.pa\/nacionalfm\/wp-json\/wp\/v2\/media?parent=11900"}],"wp:term":[{"taxonomy":"category","embeddable":true,"href":"https:\/\/sertv.gob.pa\/nacionalfm\/wp-json\/wp\/v2\/categories?post=11900"},{"taxonomy":"post_tag","embeddable":true,"href":"https:\/\/sertv.gob.pa\/nacionalfm\/wp-json\/wp\/v2\/tags?post=11900"}],"curies":[{"name":"wp","href":"https:\/\/api.w.org\/{rel}","templated":true}]}}