{"id":11904,"date":"2016-04-11T18:32:15","date_gmt":"2016-04-11T18:32:15","guid":{"rendered":""},"modified":"2016-04-11T18:32:15","modified_gmt":"2016-04-11T18:32:15","slug":"primer-caso-de-zika-en-herrera-es-confirmado-por-minsa","status":"publish","type":"post","link":"https:\/\/sertv.gob.pa\/nacionalfm\/primer-caso-de-zika-en-herrera-es-confirmado-por-minsa\/","title":{"rendered":"Primer caso de Zika en Herrera es confirmado por Minsa"},"content":{"rendered":"<p>\nEl Ministerio de Salud confirm\u00f3 la ma\u00f1ana de hoy, lunes,\u00a0 el primer caso de Zika en la provincia de Herrera tras de que las pruebas efectuadas \u00a0a un paciente con s\u00edntomas sospechoso fueran ratificadas por el instituto Conmemorativo Gorgas para Estudios de la Salud. <\/p>\n<p>Se trata de un menor de 9 a\u00f1os de edad, residente en el corregimiento de Chitr\u00e9 cabecera, quien se halla estable, seg\u00fan los reportes oficiales. <\/p>\n<p>El director de Salud de Herrera, Alcib\u00edades Dom\u00ednguez, inform\u00f3 que el caso fue captado por la policl\u00ednica de la Caja de Seguro Social Roberto Ram\u00edrez de Diego. <\/p>\n","protected":false},"excerpt":{"rendered":"<p>El Ministerio de Salud confirm\u00f3 la ma\u00f1ana de hoy, lunes,\u00a0 <a href=\"https:\/\/sertv.gob.pa\/nacionalfm\/primer-caso-de-zika-en-herrera-es-confirmado-por-minsa\/\"> [&#8230;]<\/a><\/p>\n","protected":false},"author":1,"featured_media":11905,"comment_status":"closed","ping_status":"closed","sticky":false,"template":"","format":"standard","meta":{"footnotes":""},"categories":[5],"tags":[],"class_list":["post-11904","post","type-post","status-publish","format-standard","has-post-thumbnail","hentry","category-salud"],"_links":{"self":[{"href":"https:\/\/sertv.gob.pa\/nacionalfm\/wp-json\/wp\/v2\/posts\/11904","targetHints":{"allow":["GET"]}}],"collection":[{"href":"https:\/\/sertv.gob.pa\/nacionalfm\/wp-json\/wp\/v2\/posts"}],"about":[{"href":"https:\/\/sertv.gob.pa\/nacionalfm\/wp-json\/wp\/v2\/types\/post"}],"author":[{"embeddable":true,"href":"https:\/\/sertv.gob.pa\/nacionalfm\/wp-json\/wp\/v2\/users\/1"}],"replies":[{"embeddable":true,"href":"https:\/\/sertv.gob.pa\/nacionalfm\/wp-json\/wp\/v2\/comments?post=11904"}],"version-history":[{"count":0,"href":"https:\/\/sertv.gob.pa\/nacionalfm\/wp-json\/wp\/v2\/posts\/11904\/revisions"}],"wp:featuredmedia":[{"embeddable":true,"href":"https:\/\/sertv.gob.pa\/nacionalfm\/wp-json\/wp\/v2\/media\/11905"}],"wp:attachment":[{"href":"https:\/\/sertv.gob.pa\/nacionalfm\/wp-json\/wp\/v2\/media?parent=11904"}],"wp:term":[{"taxonomy":"category","embeddable":true,"href":"https:\/\/sertv.gob.pa\/nacionalfm\/wp-json\/wp\/v2\/categories?post=11904"},{"taxonomy":"post_tag","embeddable":true,"href":"https:\/\/sertv.gob.pa\/nacionalfm\/wp-json\/wp\/v2\/tags?post=11904"}],"curies":[{"name":"wp","href":"https:\/\/api.w.org\/{rel}","templated":true}]}}