{"id":11936,"date":"2016-04-12T18:24:30","date_gmt":"2016-04-12T18:24:30","guid":{"rendered":""},"modified":"2016-04-12T18:24:30","modified_gmt":"2016-04-12T18:24:30","slug":"una-de-cada-11-personas-en-el-mundo-ya-tiene-diabetes","status":"publish","type":"post","link":"https:\/\/sertv.gob.pa\/nacionalfm\/una-de-cada-11-personas-en-el-mundo-ya-tiene-diabetes\/","title":{"rendered":"Una de cada 11 personas en el mundo ya tiene diabetes"},"content":{"rendered":"<p>\nAs\u00ed lo acaba de anunciar la Organizaci\u00f3n Mundial de la Salud (OMS) en su primer \u00abInforme mundial sobre la diabetes\u00bb, en el que sostiene que una de cada 11 personas en el mundo ya padece el trastorno. <\/p>\n<p>Las cifras igualmente se\u00f1alan que el n\u00famero de personas afectadas pr\u00e1cticamente se cuadriplic\u00f3 en los \u00faltimos 30 a\u00f1os. <\/p>\n<p>\u00abSeg\u00fan las estimaciones,  422 millones  de adultos ten\u00edan diabetes en 2014,  frente a los108 millones de 1980 \u00ab, asegura la OMS. <\/p>\n<p>\u00abEs una enfermedad silenciosa, pero  su marcha est\u00e1 siendo implacable y tenemos que detenerla \u00ab, le manifest\u00f3 a la BBC Etienne Krug, responsable de los esfuerzos de la OMS en la lucha contra la enfermedad. <\/p>\n<p>\u00a0 <\/p>\n","protected":false},"excerpt":{"rendered":"<p>As\u00ed lo acaba de anunciar la Organizaci\u00f3n Mundial de la <a href=\"https:\/\/sertv.gob.pa\/nacionalfm\/una-de-cada-11-personas-en-el-mundo-ya-tiene-diabetes\/\"> [&#8230;]<\/a><\/p>\n","protected":false},"author":1,"featured_media":11937,"comment_status":"closed","ping_status":"closed","sticky":false,"template":"","format":"standard","meta":{"footnotes":""},"categories":[5],"tags":[],"class_list":["post-11936","post","type-post","status-publish","format-standard","has-post-thumbnail","hentry","category-salud"],"_links":{"self":[{"href":"https:\/\/sertv.gob.pa\/nacionalfm\/wp-json\/wp\/v2\/posts\/11936","targetHints":{"allow":["GET"]}}],"collection":[{"href":"https:\/\/sertv.gob.pa\/nacionalfm\/wp-json\/wp\/v2\/posts"}],"about":[{"href":"https:\/\/sertv.gob.pa\/nacionalfm\/wp-json\/wp\/v2\/types\/post"}],"author":[{"embeddable":true,"href":"https:\/\/sertv.gob.pa\/nacionalfm\/wp-json\/wp\/v2\/users\/1"}],"replies":[{"embeddable":true,"href":"https:\/\/sertv.gob.pa\/nacionalfm\/wp-json\/wp\/v2\/comments?post=11936"}],"version-history":[{"count":0,"href":"https:\/\/sertv.gob.pa\/nacionalfm\/wp-json\/wp\/v2\/posts\/11936\/revisions"}],"wp:featuredmedia":[{"embeddable":true,"href":"https:\/\/sertv.gob.pa\/nacionalfm\/wp-json\/wp\/v2\/media\/11937"}],"wp:attachment":[{"href":"https:\/\/sertv.gob.pa\/nacionalfm\/wp-json\/wp\/v2\/media?parent=11936"}],"wp:term":[{"taxonomy":"category","embeddable":true,"href":"https:\/\/sertv.gob.pa\/nacionalfm\/wp-json\/wp\/v2\/categories?post=11936"},{"taxonomy":"post_tag","embeddable":true,"href":"https:\/\/sertv.gob.pa\/nacionalfm\/wp-json\/wp\/v2\/tags?post=11936"}],"curies":[{"name":"wp","href":"https:\/\/api.w.org\/{rel}","templated":true}]}}