{"id":11942,"date":"2016-04-12T21:56:56","date_gmt":"2016-04-12T21:56:56","guid":{"rendered":""},"modified":"2016-04-12T21:56:56","modified_gmt":"2016-04-12T21:56:56","slug":"karol-hibbert-y-atheyna-bylon-pelean-jueves-y-viernes","status":"publish","type":"post","link":"https:\/\/sertv.gob.pa\/nacionalfm\/karol-hibbert-y-atheyna-bylon-pelean-jueves-y-viernes\/","title":{"rendered":"Karol Hibbert y Atheyna Bylon pelean jueves y viernes"},"content":{"rendered":"<p>\nEl presidente de la Federaci\u00f3n de Boxeo Ol\u00edmpico de Panam\u00e1 Tom\u00e1s Cianca inform\u00f3 que las boxeadora paname\u00f1as Karol Hibbert y Atheyna Bylon tendr\u00e1 acci\u00f3n este jueves 14 de abril y el viernes 15 respectivamente en el Campeonato Continental de Boxeo Femenino que se lleva a cabo en la Sierra de Bolivia. <\/p>\n<p>El jueves Karol Hibbert se enfrenta a Valerian Spicer de Rep\u00fablica Dominicana y Atheyna Bylon combate en semifinales el viernes ante Andreira De Oliveira de Brasil. <\/p>\n","protected":false},"excerpt":{"rendered":"<p>El presidente de la Federaci\u00f3n de Boxeo Ol\u00edmpico de Panam\u00e1 <a href=\"https:\/\/sertv.gob.pa\/nacionalfm\/karol-hibbert-y-atheyna-bylon-pelean-jueves-y-viernes\/\"> [&#8230;]<\/a><\/p>\n","protected":false},"author":1,"featured_media":11943,"comment_status":"closed","ping_status":"closed","sticky":false,"template":"","format":"standard","meta":{"footnotes":""},"categories":[4],"tags":[],"class_list":["post-11942","post","type-post","status-publish","format-standard","has-post-thumbnail","hentry","category-deportes"],"_links":{"self":[{"href":"https:\/\/sertv.gob.pa\/nacionalfm\/wp-json\/wp\/v2\/posts\/11942","targetHints":{"allow":["GET"]}}],"collection":[{"href":"https:\/\/sertv.gob.pa\/nacionalfm\/wp-json\/wp\/v2\/posts"}],"about":[{"href":"https:\/\/sertv.gob.pa\/nacionalfm\/wp-json\/wp\/v2\/types\/post"}],"author":[{"embeddable":true,"href":"https:\/\/sertv.gob.pa\/nacionalfm\/wp-json\/wp\/v2\/users\/1"}],"replies":[{"embeddable":true,"href":"https:\/\/sertv.gob.pa\/nacionalfm\/wp-json\/wp\/v2\/comments?post=11942"}],"version-history":[{"count":0,"href":"https:\/\/sertv.gob.pa\/nacionalfm\/wp-json\/wp\/v2\/posts\/11942\/revisions"}],"wp:featuredmedia":[{"embeddable":true,"href":"https:\/\/sertv.gob.pa\/nacionalfm\/wp-json\/wp\/v2\/media\/11943"}],"wp:attachment":[{"href":"https:\/\/sertv.gob.pa\/nacionalfm\/wp-json\/wp\/v2\/media?parent=11942"}],"wp:term":[{"taxonomy":"category","embeddable":true,"href":"https:\/\/sertv.gob.pa\/nacionalfm\/wp-json\/wp\/v2\/categories?post=11942"},{"taxonomy":"post_tag","embeddable":true,"href":"https:\/\/sertv.gob.pa\/nacionalfm\/wp-json\/wp\/v2\/tags?post=11942"}],"curies":[{"name":"wp","href":"https:\/\/api.w.org\/{rel}","templated":true}]}}